{"id":21661,"date":"2025-04-12T10:23:45","date_gmt":"2025-04-12T10:23:45","guid":{"rendered":"https:\/\/www.oxypharm.net\/?p=21661"},"modified":"2025-04-28T09:22:29","modified_gmt":"2025-04-28T09:22:29","slug":"sf2h-4-au-6-juin-2025","status":"publish","type":"post","link":"https:\/\/www.oxypharm.net\/pt-pt\/sf2h-4-au-6-juin-2025\/","title":{"rendered":"SF2H \u2013 4 au 6 Juin 2025"},"content":{"rendered":"<div class=\"wpb-content-wrapper\"><p>[vc_row][vc_column][vc_single_image image=&#8221;14658&#8243; img_size=&#8221;full&#8221; css=&#8221;&#8221; el_class=&#8221;full-width&#8221;][vc_column_text css=&#8221;&#8221;]<\/p>\n<h3>35\u1d49 Congr\u00e8s de la SF2H : Promotion de l&#8217;hygiene en milieu de soin<\/h3>\n<p>[\/vc_column_text][vc_column_text css=&#8221;&#8221;]<span class=\"relative -mx-px my-[-0.2rem] rounded px-px py-[0.2rem] transition-colors duration-100 ease-in-out\">Du <strong>4 au 6 juin 2025, le Parc Chanot \u00e0 Marseille<\/strong> accueillera le 35\u1d49 Congr\u00e8s national de la Soci\u00e9t\u00e9 Fran\u00e7aise d\u2019Hygi\u00e8ne Hospitali\u00e8re <strong>(SF2H)<\/strong>.<\/span> <span class=\"relative -mx-px my-[-0.2rem] rounded px-px py-[0.2rem] transition-colors duration-100 ease-in-out\">Cet \u00e9v\u00e9nement majeur r\u00e9unit chaque ann\u00e9e les professionnels de sant\u00e9 impliqu\u00e9s dans la pr\u00e9vention des infections nosocomiales et la gestion du risque infectieux.<\/span> <span class=\"relative -mx-px my-[-0.2rem] rounded px-px py-[0.2rem] transition-colors duration-100 ease-in-out\">Au programme : des conf\u00e9rences pl\u00e9ni\u00e8res, des sessions parall\u00e8les, des formations sp\u00e9cialis\u00e9es et une exposition d\u00e9di\u00e9e aux solutions innovantes du secteur.<\/span><\/p>\n<p>&nbsp;<\/p>\n<p class=\"\" data-start=\"456\" data-end=\"537\"><span class=\"relative -mx-px my-[-0.2rem] rounded px-px py-[0.2rem] transition-colors duration-100 ease-in-out\">Les th\u00e8mes phares de cette \u00e9dition 2025 sont :<\/span>\u200b<\/p>\n<ul>\n<li data-start=\"541\" data-end=\"578\"><span class=\"relative -mx-px my-[-0.2rem] rounded px-px py-[0.2rem] transition-colors duration-100 ease-in-out\"><strong data-start=\"0\" data-end=\"55\" data-is-only-node=\"\">Pr\u00e9vention des infections associ\u00e9es aux soins (ISO)<\/strong> : les nouvelles cl\u00e9s du succ\u00e8s<\/span><\/li>\n<li data-start=\"541\" data-end=\"578\"><span class=\"relative -mx-px my-[-0.2rem] rounded px-px py-[0.2rem] transition-colors duration-100 ease-in-out\"><strong data-start=\"0\" data-end=\"34\" data-is-only-node=\"\">Nouveau-n\u00e9 ou patient tr\u00e8s \u00e2g\u00e9<\/strong> : des challenges pour la pr\u00e9vention du risque infectieux (PRI)<\/span><\/li>\n<li data-start=\"541\" data-end=\"578\"><span class=\"relative -mx-px my-[-0.2rem] rounded px-px py-[0.2rem] transition-colors duration-100 ease-in-out\"><strong data-start=\"0\" data-end=\"25\" data-is-only-node=\"\">Soins \u00e9coresponsables<\/strong> : engageons-nous durablement !<\/span><\/li>\n<li data-start=\"661\" data-end=\"746\"><span class=\"relative -mx-px my-[-0.2rem] rounded px-px py-[0.2rem] transition-colors duration-100 ease-in-out\"><strong data-start=\"0\" data-end=\"15\" data-is-only-node=\"\">Tuberculose<\/strong> : un parcours de pr\u00e9vention<\/span>\u200b<\/li>\n<\/ul>\n<p class=\"\" data-start=\"748\" data-end=\"833\"><span class=\"relative -mx-px my-[-0.2rem] rounded px-px py-[0.2rem] transition-colors duration-100 ease-in-out\">Ces th\u00e9matiques refl\u00e8tent les enjeux actuels de la profession et visent \u00e0 renforcer les pratiques en mati\u00e8re de pr\u00e9vention et de s\u00e9curit\u00e9 des soins.<\/span><\/p>\n<p>[\/vc_column_text][vc_column_text css=&#8221;&#8221;]<\/p>\n<h3>Retrouvez-nous sur le stand 35 \u2013 Parc Chanot, Marseille<\/h3>\n<p>[\/vc_column_text][vc_column_text css=&#8221;&#8221;]<span class=\"relative -mx-px my-[-0.2rem] rounded px-px py-[0.2rem] transition-colors duration-100 ease-in-out\">Nous serons pr\u00e9sents sur le <strong>stand 35 au Parc Chanot de Marseille<\/strong>. C\u2019est l\u2019occasion pour nous de retrouver nos les professionnels de sant\u00e9, de partager nos expertises. <\/span><span class=\"relative -mx-px my-[-0.2rem] rounded px-px py-[0.2rem] transition-colors duration-100 ease-in-out\">Que vous soyez responsable hygi\u00e8ne, cadre de sant\u00e9, m\u00e9decin ou pharmacien, notre \u00e9quipe sera \u00e0 votre disposition pour \u00e9changer et vous conseiller les solutions adapt\u00e9es \u00e0 votre besoin<\/span>[\/vc_column_text][vc_column_text css=&#8221;&#8221;]<\/p>\n<h3>Ne manquez pas notre symposium !<\/h3>\n<p>[\/vc_column_text][vc_column_text css=&#8221;&#8221;]Nous avons \u00e9galement le plaisir de vous inviter \u00e0 assister au <strong data-start=\"1863\" data-end=\"1886\">symposium Oxy&#8217;Pharm<\/strong>, anim\u00e9 par notre <strong data-start=\"1904\" data-end=\"1947\">responsable scientifique, Mathieu Agnet<\/strong>, sur le th\u00e8me :[\/vc_column_text][vc_column_text css=&#8221;&#8221;]<\/p>\n<blockquote data-start=\"1965\" data-end=\"2065\">\n<p class=\"\" data-start=\"1967\" data-end=\"2065\"><strong data-start=\"1967\" data-end=\"2065\">Une approche holistique de l\u2019hygi\u00e8ne en milieu de soins : de la th\u00e9orie \u00e0 la mise en \u0153uvre<\/strong><\/p>\n<\/blockquote>\n<p>[\/vc_column_text][vc_column_text css=&#8221;&#8221;]<\/p>\n<p class=\"\" data-start=\"2067\" data-end=\"2139\">\ud83d\udcc5 <strong data-start=\"2070\" data-end=\"2091\">Jeudi 5 juin 2025<\/strong><br data-start=\"2091\" data-end=\"2094\" \/>\ud83d\udd50 <strong data-start=\"2097\" data-end=\"2114\">13h25 \u2013 14h25<\/strong><br data-start=\"2114\" data-end=\"2117\" \/>\ud83d\udccd <strong data-start=\"2120\" data-end=\"2139\">Salle Gourdes 2<\/strong><\/p>\n<p>[\/vc_column_text][vc_column_text css=&#8221;&#8221;]<\/p>\n<ul>\n<li dir=\"auto\">Pour d\u00e9couvrir les informations pratiques du salon :\u00a0<a href=\"https:\/\/www.sf2h.net\/congres\/35eme-congres-sf2h-marseille-2025.html\">Cliquez ici<\/a><\/li>\n<li dir=\"auto\">Pour vous inscrire :\u00a0<a href=\"https:\/\/sf2h2025.europa-inviteo.com\/registrations\/?utm_source=SF2H+-+EG250602-25&amp;utm_medium=Email&amp;onglet=4\">Cliquez ici<\/a><\/li>\n<li dir=\"auto\">En attendant l\u2019ouverture des portes, retrouvez nos derni\u00e8res actualit\u00e9s :\u00a0<a href=\"https:\/\/www.oxypharm.net\/nos-actualites\/\">Cliquez ici<\/a><\/li>\n<\/ul>\n<p>[\/vc_column_text][\/vc_column][\/vc_row]<\/p>\n<\/div>","protected":false},"excerpt":{"rendered":"<p>Le 35\u1d49 Congr\u00e8s de la SF2H se tiendra \u00e0 Marseille du 4 au 6 juin 2025. Nous serons pr\u00e9sents sur le stand 35<\/p>\n","protected":false},"author":3,"featured_media":14658,"comment_status":"closed","ping_status":"open","sticky":false,"template":"","format":"standard","meta":{"_acf_changed":false,"footnotes":""},"categories":[1],"tags":[13,48,243,245,234,8,10,187],"class_list":["post-21661","post","type-post","status-publish","format-standard","has-post-thumbnail","hentry","category-non-classifiee","tag-desinfection","tag-ecoresponsable","tag-evenement-a-la-une-2","tag-evenement-sous-une","tag-nf-t-72-110-desinfection-vapeur","tag-nocotech","tag-sanivap","tag-sf2h"],"acf":[],"yoast_head":"<!-- This site is optimized with the Yoast SEO plugin v26.1.1 - https:\/\/yoast.com\/wordpress\/plugins\/seo\/ -->\n<title>SF2H \u2013 4 au 6 Juin 2025 - Oxy&#039;Pharm<\/title>\n<meta name=\"description\" content=\"Retrouvez-nous au Congr\u00e8s SF2H \u00e0 Marseille du 4 au 6 juin. Ne manquez pas notre symposium avec Mathieu Agnet.\" \/>\n<meta name=\"robots\" content=\"index, follow, max-snippet:-1, max-image-preview:large, max-video-preview:-1\" \/>\n<link rel=\"canonical\" href=\"https:\/\/www.oxypharm.net\/sf2h-4-au-6-juin-2025\/\" \/>\n<meta property=\"og:locale\" content=\"pt_PT\" \/>\n<meta property=\"og:type\" content=\"article\" \/>\n<meta property=\"og:title\" content=\"SF2H \u2013 4 au 6 Juin 2025 - Oxy&#039;Pharm\" \/>\n<meta property=\"og:description\" content=\"Retrouvez-nous au Congr\u00e8s SF2H \u00e0 Marseille du 4 au 6 juin. Ne manquez pas notre symposium avec Mathieu Agnet.\" \/>\n<meta property=\"og:url\" content=\"https:\/\/www.oxypharm.net\/sf2h-4-au-6-juin-2025\/\" \/>\n<meta property=\"og:site_name\" content=\"Oxy&#039;Pharm\" \/>\n<meta property=\"article:publisher\" content=\"https:\/\/www.facebook.com\/profile.php?id=100065087790394\" \/>\n<meta property=\"article:published_time\" content=\"2025-04-12T10:23:45+00:00\" \/>\n<meta property=\"article:modified_time\" content=\"2025-04-28T09:22:29+00:00\" \/>\n<meta property=\"og:image\" content=\"https:\/\/www.oxypharm.net\/wp-content\/uploads\/2023\/04\/Gabarit-vignettes-articles-site-internet-21-3.png\" \/>\n\t<meta property=\"og:image:width\" content=\"1920\" \/>\n\t<meta property=\"og:image:height\" content=\"1080\" \/>\n\t<meta property=\"og:image:type\" content=\"image\/png\" \/>\n<meta name=\"author\" content=\"marketing\" \/>\n<meta name=\"twitter:card\" content=\"summary_large_image\" \/>\n<meta name=\"twitter:creator\" content=\"@OxyPharm\" \/>\n<meta name=\"twitter:site\" content=\"@OxyPharm\" \/>\n<meta name=\"twitter:label1\" content=\"Written by\" \/>\n\t<meta name=\"twitter:data1\" content=\"marketing\" \/>\n\t<meta name=\"twitter:label2\" content=\"Est. reading time\" \/>\n\t<meta name=\"twitter:data2\" content=\"2 minutes\" \/>\n<script type=\"application\/ld+json\" class=\"yoast-schema-graph\">{\"@context\":\"https:\/\/schema.org\",\"@graph\":[{\"@type\":\"Article\",\"@id\":\"https:\/\/www.oxypharm.net\/sf2h-4-au-6-juin-2025\/#article\",\"isPartOf\":{\"@id\":\"https:\/\/www.oxypharm.net\/sf2h-4-au-6-juin-2025\/\"},\"author\":{\"name\":\"marketing\",\"@id\":\"https:\/\/www.oxypharm.net\/#\/schema\/person\/4e54abf170588a0853a460e68ac97dc8\"},\"headline\":\"SF2H \u2013 4 au 6 Juin 2025\",\"datePublished\":\"2025-04-12T10:23:45+00:00\",\"dateModified\":\"2025-04-28T09:22:29+00:00\",\"mainEntityOfPage\":{\"@id\":\"https:\/\/www.oxypharm.net\/sf2h-4-au-6-juin-2025\/\"},\"wordCount\":406,\"publisher\":{\"@id\":\"https:\/\/www.oxypharm.net\/#organization\"},\"image\":{\"@id\":\"https:\/\/www.oxypharm.net\/sf2h-4-au-6-juin-2025\/#primaryimage\"},\"thumbnailUrl\":\"https:\/\/www.oxypharm.net\/wp-content\/uploads\/2023\/04\/Gabarit-vignettes-articles-site-internet-21-3.png\",\"keywords\":[\"D\u00e9sinfection\",\"\u00e9coresponsable\",\"\u00e9v\u00e9nement \u00e0 la une\",\"\u00e9v\u00e9nement sous une\",\"NF T 72-110 d\u00e9sinfection vapeur\",\"nocotech\",\"sanivap\",\"SF2H\"],\"articleSection\":[\"Non classifi\u00e9(e)\"],\"inLanguage\":\"pt-PT\"},{\"@type\":\"WebPage\",\"@id\":\"https:\/\/www.oxypharm.net\/sf2h-4-au-6-juin-2025\/\",\"url\":\"https:\/\/www.oxypharm.net\/sf2h-4-au-6-juin-2025\/\",\"name\":\"SF2H \u2013 4 au 6 Juin 2025 - Oxy&#039;Pharm\",\"isPartOf\":{\"@id\":\"https:\/\/www.oxypharm.net\/#website\"},\"primaryImageOfPage\":{\"@id\":\"https:\/\/www.oxypharm.net\/sf2h-4-au-6-juin-2025\/#primaryimage\"},\"image\":{\"@id\":\"https:\/\/www.oxypharm.net\/sf2h-4-au-6-juin-2025\/#primaryimage\"},\"thumbnailUrl\":\"https:\/\/www.oxypharm.net\/wp-content\/uploads\/2023\/04\/Gabarit-vignettes-articles-site-internet-21-3.png\",\"datePublished\":\"2025-04-12T10:23:45+00:00\",\"dateModified\":\"2025-04-28T09:22:29+00:00\",\"description\":\"Retrouvez-nous au Congr\u00e8s SF2H \u00e0 Marseille du 4 au 6 juin. Ne manquez pas notre symposium avec Mathieu Agnet.\",\"breadcrumb\":{\"@id\":\"https:\/\/www.oxypharm.net\/sf2h-4-au-6-juin-2025\/#breadcrumb\"},\"inLanguage\":\"pt-PT\",\"potentialAction\":[{\"@type\":\"ReadAction\",\"target\":[\"https:\/\/www.oxypharm.net\/sf2h-4-au-6-juin-2025\/\"]}]},{\"@type\":\"ImageObject\",\"inLanguage\":\"pt-PT\",\"@id\":\"https:\/\/www.oxypharm.net\/sf2h-4-au-6-juin-2025\/#primaryimage\",\"url\":\"https:\/\/www.oxypharm.net\/wp-content\/uploads\/2023\/04\/Gabarit-vignettes-articles-site-internet-21-3.png\",\"contentUrl\":\"https:\/\/www.oxypharm.net\/wp-content\/uploads\/2023\/04\/Gabarit-vignettes-articles-site-internet-21-3.png\",\"width\":1920,\"height\":1080},{\"@type\":\"BreadcrumbList\",\"@id\":\"https:\/\/www.oxypharm.net\/sf2h-4-au-6-juin-2025\/#breadcrumb\",\"itemListElement\":[{\"@type\":\"ListItem\",\"position\":1,\"name\":\"Accueil\",\"item\":\"https:\/\/www.oxypharm.net\/pt-pt\/\"},{\"@type\":\"ListItem\",\"position\":2,\"name\":\"SF2H \u2013 4 au 6 Juin 2025\"}]},{\"@type\":\"WebSite\",\"@id\":\"https:\/\/www.oxypharm.net\/#website\",\"url\":\"https:\/\/www.oxypharm.net\/\",\"name\":\"Oxy&#039;Pharm\",\"description\":\"\",\"publisher\":{\"@id\":\"https:\/\/www.oxypharm.net\/#organization\"},\"potentialAction\":[{\"@type\":\"SearchAction\",\"target\":{\"@type\":\"EntryPoint\",\"urlTemplate\":\"https:\/\/www.oxypharm.net\/?s={search_term_string}\"},\"query-input\":{\"@type\":\"PropertyValueSpecification\",\"valueRequired\":true,\"valueName\":\"search_term_string\"}}],\"inLanguage\":\"pt-PT\"},{\"@type\":\"Organization\",\"@id\":\"https:\/\/www.oxypharm.net\/#organization\",\"name\":\"Oxy'pharm\",\"alternateName\":\"Oxypharm\",\"url\":\"https:\/\/www.oxypharm.net\/\",\"logo\":{\"@type\":\"ImageObject\",\"inLanguage\":\"pt-PT\",\"@id\":\"https:\/\/www.oxypharm.net\/#\/schema\/logo\/image\/\",\"url\":\"https:\/\/www.oxypharm.net\/wp-content\/uploads\/2023\/06\/Logo-Medtradex-Oxypharm.jpg\",\"contentUrl\":\"https:\/\/www.oxypharm.net\/wp-content\/uploads\/2023\/06\/Logo-Medtradex-Oxypharm.jpg\",\"width\":500,\"height\":500,\"caption\":\"Oxy'pharm\"},\"image\":{\"@id\":\"https:\/\/www.oxypharm.net\/#\/schema\/logo\/image\/\"},\"sameAs\":[\"https:\/\/www.facebook.com\/profile.php?id=100065087790394\",\"https:\/\/x.com\/OxyPharm\",\"https:\/\/www.instagram.com\/oxy_pharm\/\",\"https:\/\/www.linkedin.com\/company\/oxy-pharm\/\",\"https:\/\/www.youtube.com\/channel\/UCwTjwWFZWcMdPPlvkTuiurw\"]},{\"@type\":\"Person\",\"@id\":\"https:\/\/www.oxypharm.net\/#\/schema\/person\/4e54abf170588a0853a460e68ac97dc8\",\"name\":\"marketing\"}]}<\/script>\n<!-- \/ Yoast SEO plugin. -->","yoast_head_json":{"title":"SF2H \u2013 4 au 6 Juin 2025 - Oxy&#039;Pharm","description":"Retrouvez-nous au Congr\u00e8s SF2H \u00e0 Marseille du 4 au 6 juin. Ne manquez pas notre symposium avec Mathieu Agnet.","robots":{"index":"index","follow":"follow","max-snippet":"max-snippet:-1","max-image-preview":"max-image-preview:large","max-video-preview":"max-video-preview:-1"},"canonical":"https:\/\/www.oxypharm.net\/sf2h-4-au-6-juin-2025\/","og_locale":"pt_PT","og_type":"article","og_title":"SF2H \u2013 4 au 6 Juin 2025 - Oxy&#039;Pharm","og_description":"Retrouvez-nous au Congr\u00e8s SF2H \u00e0 Marseille du 4 au 6 juin. Ne manquez pas notre symposium avec Mathieu Agnet.","og_url":"https:\/\/www.oxypharm.net\/sf2h-4-au-6-juin-2025\/","og_site_name":"Oxy&#039;Pharm","article_publisher":"https:\/\/www.facebook.com\/profile.php?id=100065087790394","article_published_time":"2025-04-12T10:23:45+00:00","article_modified_time":"2025-04-28T09:22:29+00:00","og_image":[{"url":"https:\/\/www.oxypharm.net\/wp-content\/uploads\/2023\/04\/Gabarit-vignettes-articles-site-internet-21-3.png","width":1920,"height":1080,"type":"image\/png"}],"author":"marketing","twitter_card":"summary_large_image","twitter_creator":"@OxyPharm","twitter_site":"@OxyPharm","twitter_misc":{"Written by":"marketing","Est. reading time":"2 minutes"},"schema":{"@context":"https:\/\/schema.org","@graph":[{"@type":"Article","@id":"https:\/\/www.oxypharm.net\/sf2h-4-au-6-juin-2025\/#article","isPartOf":{"@id":"https:\/\/www.oxypharm.net\/sf2h-4-au-6-juin-2025\/"},"author":{"name":"marketing","@id":"https:\/\/www.oxypharm.net\/#\/schema\/person\/4e54abf170588a0853a460e68ac97dc8"},"headline":"SF2H \u2013 4 au 6 Juin 2025","datePublished":"2025-04-12T10:23:45+00:00","dateModified":"2025-04-28T09:22:29+00:00","mainEntityOfPage":{"@id":"https:\/\/www.oxypharm.net\/sf2h-4-au-6-juin-2025\/"},"wordCount":406,"publisher":{"@id":"https:\/\/www.oxypharm.net\/#organization"},"image":{"@id":"https:\/\/www.oxypharm.net\/sf2h-4-au-6-juin-2025\/#primaryimage"},"thumbnailUrl":"https:\/\/www.oxypharm.net\/wp-content\/uploads\/2023\/04\/Gabarit-vignettes-articles-site-internet-21-3.png","keywords":["D\u00e9sinfection","\u00e9coresponsable","\u00e9v\u00e9nement \u00e0 la une","\u00e9v\u00e9nement sous une","NF T 72-110 d\u00e9sinfection vapeur","nocotech","sanivap","SF2H"],"articleSection":["Non classifi\u00e9(e)"],"inLanguage":"pt-PT"},{"@type":"WebPage","@id":"https:\/\/www.oxypharm.net\/sf2h-4-au-6-juin-2025\/","url":"https:\/\/www.oxypharm.net\/sf2h-4-au-6-juin-2025\/","name":"SF2H \u2013 4 au 6 Juin 2025 - Oxy&#039;Pharm","isPartOf":{"@id":"https:\/\/www.oxypharm.net\/#website"},"primaryImageOfPage":{"@id":"https:\/\/www.oxypharm.net\/sf2h-4-au-6-juin-2025\/#primaryimage"},"image":{"@id":"https:\/\/www.oxypharm.net\/sf2h-4-au-6-juin-2025\/#primaryimage"},"thumbnailUrl":"https:\/\/www.oxypharm.net\/wp-content\/uploads\/2023\/04\/Gabarit-vignettes-articles-site-internet-21-3.png","datePublished":"2025-04-12T10:23:45+00:00","dateModified":"2025-04-28T09:22:29+00:00","description":"Retrouvez-nous au Congr\u00e8s SF2H \u00e0 Marseille du 4 au 6 juin. Ne manquez pas notre symposium avec Mathieu Agnet.","breadcrumb":{"@id":"https:\/\/www.oxypharm.net\/sf2h-4-au-6-juin-2025\/#breadcrumb"},"inLanguage":"pt-PT","potentialAction":[{"@type":"ReadAction","target":["https:\/\/www.oxypharm.net\/sf2h-4-au-6-juin-2025\/"]}]},{"@type":"ImageObject","inLanguage":"pt-PT","@id":"https:\/\/www.oxypharm.net\/sf2h-4-au-6-juin-2025\/#primaryimage","url":"https:\/\/www.oxypharm.net\/wp-content\/uploads\/2023\/04\/Gabarit-vignettes-articles-site-internet-21-3.png","contentUrl":"https:\/\/www.oxypharm.net\/wp-content\/uploads\/2023\/04\/Gabarit-vignettes-articles-site-internet-21-3.png","width":1920,"height":1080},{"@type":"BreadcrumbList","@id":"https:\/\/www.oxypharm.net\/sf2h-4-au-6-juin-2025\/#breadcrumb","itemListElement":[{"@type":"ListItem","position":1,"name":"Accueil","item":"https:\/\/www.oxypharm.net\/pt-pt\/"},{"@type":"ListItem","position":2,"name":"SF2H \u2013 4 au 6 Juin 2025"}]},{"@type":"WebSite","@id":"https:\/\/www.oxypharm.net\/#website","url":"https:\/\/www.oxypharm.net\/","name":"Oxy&#039;Pharm","description":"","publisher":{"@id":"https:\/\/www.oxypharm.net\/#organization"},"potentialAction":[{"@type":"SearchAction","target":{"@type":"EntryPoint","urlTemplate":"https:\/\/www.oxypharm.net\/?s={search_term_string}"},"query-input":{"@type":"PropertyValueSpecification","valueRequired":true,"valueName":"search_term_string"}}],"inLanguage":"pt-PT"},{"@type":"Organization","@id":"https:\/\/www.oxypharm.net\/#organization","name":"Oxy'pharm","alternateName":"Oxypharm","url":"https:\/\/www.oxypharm.net\/","logo":{"@type":"ImageObject","inLanguage":"pt-PT","@id":"https:\/\/www.oxypharm.net\/#\/schema\/logo\/image\/","url":"https:\/\/www.oxypharm.net\/wp-content\/uploads\/2023\/06\/Logo-Medtradex-Oxypharm.jpg","contentUrl":"https:\/\/www.oxypharm.net\/wp-content\/uploads\/2023\/06\/Logo-Medtradex-Oxypharm.jpg","width":500,"height":500,"caption":"Oxy'pharm"},"image":{"@id":"https:\/\/www.oxypharm.net\/#\/schema\/logo\/image\/"},"sameAs":["https:\/\/www.facebook.com\/profile.php?id=100065087790394","https:\/\/x.com\/OxyPharm","https:\/\/www.instagram.com\/oxy_pharm\/","https:\/\/www.linkedin.com\/company\/oxy-pharm\/","https:\/\/www.youtube.com\/channel\/UCwTjwWFZWcMdPPlvkTuiurw"]},{"@type":"Person","@id":"https:\/\/www.oxypharm.net\/#\/schema\/person\/4e54abf170588a0853a460e68ac97dc8","name":"marketing"}]}},"_links":{"self":[{"href":"https:\/\/www.oxypharm.net\/pt-pt\/wp-json\/wp\/v2\/posts\/21661","targetHints":{"allow":["GET"]}}],"collection":[{"href":"https:\/\/www.oxypharm.net\/pt-pt\/wp-json\/wp\/v2\/posts"}],"about":[{"href":"https:\/\/www.oxypharm.net\/pt-pt\/wp-json\/wp\/v2\/types\/post"}],"author":[{"embeddable":true,"href":"https:\/\/www.oxypharm.net\/pt-pt\/wp-json\/wp\/v2\/users\/3"}],"replies":[{"embeddable":true,"href":"https:\/\/www.oxypharm.net\/pt-pt\/wp-json\/wp\/v2\/comments?post=21661"}],"version-history":[{"count":10,"href":"https:\/\/www.oxypharm.net\/pt-pt\/wp-json\/wp\/v2\/posts\/21661\/revisions"}],"predecessor-version":[{"id":21674,"href":"https:\/\/www.oxypharm.net\/pt-pt\/wp-json\/wp\/v2\/posts\/21661\/revisions\/21674"}],"wp:featuredmedia":[{"embeddable":true,"href":"https:\/\/www.oxypharm.net\/pt-pt\/wp-json\/wp\/v2\/media\/14658"}],"wp:attachment":[{"href":"https:\/\/www.oxypharm.net\/pt-pt\/wp-json\/wp\/v2\/media?parent=21661"}],"wp:term":[{"taxonomy":"category","embeddable":true,"href":"https:\/\/www.oxypharm.net\/pt-pt\/wp-json\/wp\/v2\/categories?post=21661"},{"taxonomy":"post_tag","embeddable":true,"href":"https:\/\/www.oxypharm.net\/pt-pt\/wp-json\/wp\/v2\/tags?post=21661"}],"curies":[{"name":"wp","href":"https:\/\/api.w.org\/{rel}","templated":true}]}}