{"id":11427,"date":"2023-01-09T16:14:13","date_gmt":"2023-01-09T16:14:13","guid":{"rendered":"https:\/\/preprod.oxypharm.net\/do-modo-de-gestao-de-crise-ao-modo-de-projeto\/"},"modified":"2025-04-28T09:31:45","modified_gmt":"2025-04-28T09:31:45","slug":"do-modo-de-gestao-de-crise-ao-modo-de-projeto","status":"publish","type":"post","link":"https:\/\/www.oxypharm.net\/pt-pt\/do-modo-de-gestao-de-crise-ao-modo-de-projeto\/","title":{"rendered":"Do modo de gest\u00e3o de crise ao modo de projeto"},"content":{"rendered":"<div class=\"wpb-content-wrapper\"><p>[vc_row][vc_column][vc_column_text]Publicado em <em>G\u00e9roscopie<\/em>[\/vc_column_text][\/vc_column][\/vc_row][vc_row][vc_column][vc_column_text]<\/p>\n<h4>N\u00b05. Os encontros da higiene<\/h4>\n<p>[\/vc_column_text][\/vc_column][\/vc_row][vc_row][vc_column][vc_single_image image=&#8221;9215&#8243; img_size=&#8221;full&#8221;][vc_column_text]O setor da limpeza das instala\u00e7\u00f5es e a higiene encontram-se num ponto-chave onde se pode come\u00e7ar a capitalizar a experi\u00eancia dos \u00faltimos meses, para passar, com precau\u00e7\u00e3o, do modo de gest\u00e3o de crises para o modo projeto. Encontros, por fim, verdadeiros, as grandes feiras como testemunho, \u00e0 imagem da Santexpo que incidiu sobre o tema \u00abResili\u00eancia e compromisso\u00bb![\/vc_column_text][\/vc_column][\/vc_row][vc_row][vc_column][vc_column_text]\u00ab<em>A Oxy&#8217;Pharm acompanhar\u00e1 a Medica em D\u00fcsseldorf<\/em>, afirma Margot Lhopitallier, Diretora de Comunica\u00e7\u00e3o e Marketing. <em>A pandemia confirmou a efic\u00e1cia da desinfe\u00e7\u00e3o das superf\u00edcies por via a\u00e9rea e validou as nossas escolhas empresariais, mas queremos conhecer as novas tend\u00eancias para os pr\u00f3ximos anos. E, acima de tudo, encontrar presencialmente os nossos clientes, o feedback deste \u00e9 inestim\u00e1vel para continuarmos a inovar.<\/em>\u2009\u00bb.<\/p>\n<p>&nbsp;<\/p>\n<p>\u00c9 igualmente um momento-chave para as autoridades p\u00fablicas, que ter\u00e3o de rearmar as pol\u00edticas de preven\u00e7\u00e3o e tamb\u00e9m, sem d\u00favida, atualizar as normas. Uma primeira decis\u00e3o vai na dire\u00e7\u00e3o certa: o projeto-lei do financiamento da Seguran\u00e7a Social para 2022 perpetuar\u00e1 um dipositivo que provou o seu valor em tempos de epidemia, nomeadamente as equipas m\u00f3veis de higiene, que ajudam os lares de terceira idade a controlar o risco de infe\u00e7\u00e3o.[\/vc_column_text][\/vc_column][\/vc_row]<\/p>\n<\/div>","protected":false},"excerpt":{"rendered":"<p>[vc_row][vc_column][vc_column_text]Publicado em G\u00e9roscopie[\/vc_column_text][\/vc_column][\/vc_row][vc_row][vc_column][vc_column_text] N\u00b05. Os encontros da higiene [\/vc_column_text][\/vc_column][\/vc_row][vc_row][vc_column][vc_single_image image=&#8221;9215&#8243; img_size=&#8221;full&#8221;][vc_column_text]O setor da limpeza das instala\u00e7\u00f5es e a higiene encontram-se<\/p>\n","protected":false},"author":3,"featured_media":9220,"comment_status":"closed","ping_status":"open","sticky":false,"template":"","format":"standard","meta":{"_acf_changed":false,"footnotes":""},"categories":[67],"tags":[126,49,125],"class_list":["post-11427","post","type-post","status-publish","format-standard","has-post-thumbnail","hentry","category-artigos","tag-oxypharm-pt-pt","tag-oxypharm","tag-responsabilidade-ambiental"],"acf":[],"yoast_head":"<!-- This site is optimized with the Yoast SEO plugin v26.1.1 - https:\/\/yoast.com\/wordpress\/plugins\/seo\/ -->\n<title>Do modo de gest\u00e3o de crise ao modo de projeto - Oxy&#039;Pharm<\/title>\n<meta name=\"robots\" content=\"index, follow, max-snippet:-1, max-image-preview:large, max-video-preview:-1\" \/>\n<link rel=\"canonical\" href=\"https:\/\/www.oxypharm.net\/pt-pt\/do-modo-de-gestao-de-crise-ao-modo-de-projeto\/\" \/>\n<meta property=\"og:locale\" content=\"pt_PT\" \/>\n<meta property=\"og:type\" content=\"article\" \/>\n<meta property=\"og:title\" content=\"Do modo de gest\u00e3o de crise ao modo de projeto - Oxy&#039;Pharm\" \/>\n<meta property=\"og:description\" content=\"[vc_row][vc_column][vc_column_text]Publicado em G\u00e9roscopie[\/vc_column_text][\/vc_column][\/vc_row][vc_row][vc_column][vc_column_text] N\u00b05. Os encontros da higiene [\/vc_column_text][\/vc_column][\/vc_row][vc_row][vc_column][vc_single_image image=&#8221;9215&#8243; img_size=&#8221;full&#8221;][vc_column_text]O setor da limpeza das instala\u00e7\u00f5es e a higiene encontram-se\" \/>\n<meta property=\"og:url\" content=\"https:\/\/www.oxypharm.net\/pt-pt\/do-modo-de-gestao-de-crise-ao-modo-de-projeto\/\" \/>\n<meta property=\"og:site_name\" content=\"Oxy&#039;Pharm\" \/>\n<meta property=\"article:publisher\" content=\"https:\/\/www.facebook.com\/profile.php?id=100065087790394\" \/>\n<meta property=\"article:published_time\" content=\"2023-01-09T16:14:13+00:00\" \/>\n<meta property=\"article:modified_time\" content=\"2025-04-28T09:31:45+00:00\" \/>\n<meta property=\"og:image\" content=\"https:\/\/www.oxypharm.net\/wp-content\/uploads\/2022\/09\/stand_medica_2.jpg\" \/>\n\t<meta property=\"og:image:width\" content=\"1478\" \/>\n\t<meta property=\"og:image:height\" content=\"1108\" \/>\n\t<meta property=\"og:image:type\" content=\"image\/jpeg\" \/>\n<meta name=\"author\" content=\"marketing\" \/>\n<meta name=\"twitter:card\" content=\"summary_large_image\" \/>\n<meta name=\"twitter:creator\" content=\"@OxyPharm\" \/>\n<meta name=\"twitter:site\" content=\"@OxyPharm\" \/>\n<meta name=\"twitter:label1\" content=\"Written by\" \/>\n\t<meta name=\"twitter:data1\" content=\"marketing\" \/>\n\t<meta name=\"twitter:label2\" content=\"Est. reading time\" \/>\n\t<meta name=\"twitter:data2\" content=\"1 minute\" \/>\n<script type=\"application\/ld+json\" class=\"yoast-schema-graph\">{\"@context\":\"https:\/\/schema.org\",\"@graph\":[{\"@type\":\"Article\",\"@id\":\"https:\/\/www.oxypharm.net\/pt-pt\/do-modo-de-gestao-de-crise-ao-modo-de-projeto\/#article\",\"isPartOf\":{\"@id\":\"https:\/\/www.oxypharm.net\/pt-pt\/do-modo-de-gestao-de-crise-ao-modo-de-projeto\/\"},\"author\":{\"name\":\"marketing\",\"@id\":\"https:\/\/www.oxypharm.net\/#\/schema\/person\/4e54abf170588a0853a460e68ac97dc8\"},\"headline\":\"Do modo de gest\u00e3o de crise ao modo de projeto\",\"datePublished\":\"2023-01-09T16:14:13+00:00\",\"dateModified\":\"2025-04-28T09:31:45+00:00\",\"mainEntityOfPage\":{\"@id\":\"https:\/\/www.oxypharm.net\/pt-pt\/do-modo-de-gestao-de-crise-ao-modo-de-projeto\/\"},\"wordCount\":295,\"publisher\":{\"@id\":\"https:\/\/www.oxypharm.net\/#organization\"},\"image\":{\"@id\":\"https:\/\/www.oxypharm.net\/pt-pt\/do-modo-de-gestao-de-crise-ao-modo-de-projeto\/#primaryimage\"},\"thumbnailUrl\":\"https:\/\/www.oxypharm.net\/wp-content\/uploads\/2022\/09\/stand_medica_2.jpg\",\"keywords\":[\"Oxy'Pharm\",\"Oxy'Pharm\",\"responsabilidade ambiental\"],\"articleSection\":[\"Artigos\"],\"inLanguage\":\"pt-PT\"},{\"@type\":\"WebPage\",\"@id\":\"https:\/\/www.oxypharm.net\/pt-pt\/do-modo-de-gestao-de-crise-ao-modo-de-projeto\/\",\"url\":\"https:\/\/www.oxypharm.net\/pt-pt\/do-modo-de-gestao-de-crise-ao-modo-de-projeto\/\",\"name\":\"Do modo de gest\u00e3o de crise ao modo de projeto - Oxy&#039;Pharm\",\"isPartOf\":{\"@id\":\"https:\/\/www.oxypharm.net\/#website\"},\"primaryImageOfPage\":{\"@id\":\"https:\/\/www.oxypharm.net\/pt-pt\/do-modo-de-gestao-de-crise-ao-modo-de-projeto\/#primaryimage\"},\"image\":{\"@id\":\"https:\/\/www.oxypharm.net\/pt-pt\/do-modo-de-gestao-de-crise-ao-modo-de-projeto\/#primaryimage\"},\"thumbnailUrl\":\"https:\/\/www.oxypharm.net\/wp-content\/uploads\/2022\/09\/stand_medica_2.jpg\",\"datePublished\":\"2023-01-09T16:14:13+00:00\",\"dateModified\":\"2025-04-28T09:31:45+00:00\",\"breadcrumb\":{\"@id\":\"https:\/\/www.oxypharm.net\/pt-pt\/do-modo-de-gestao-de-crise-ao-modo-de-projeto\/#breadcrumb\"},\"inLanguage\":\"pt-PT\",\"potentialAction\":[{\"@type\":\"ReadAction\",\"target\":[\"https:\/\/www.oxypharm.net\/pt-pt\/do-modo-de-gestao-de-crise-ao-modo-de-projeto\/\"]}]},{\"@type\":\"ImageObject\",\"inLanguage\":\"pt-PT\",\"@id\":\"https:\/\/www.oxypharm.net\/pt-pt\/do-modo-de-gestao-de-crise-ao-modo-de-projeto\/#primaryimage\",\"url\":\"https:\/\/www.oxypharm.net\/wp-content\/uploads\/2022\/09\/stand_medica_2.jpg\",\"contentUrl\":\"https:\/\/www.oxypharm.net\/wp-content\/uploads\/2022\/09\/stand_medica_2.jpg\",\"width\":1478,\"height\":1108},{\"@type\":\"BreadcrumbList\",\"@id\":\"https:\/\/www.oxypharm.net\/pt-pt\/do-modo-de-gestao-de-crise-ao-modo-de-projeto\/#breadcrumb\",\"itemListElement\":[{\"@type\":\"ListItem\",\"position\":1,\"name\":\"Accueil\",\"item\":\"https:\/\/www.oxypharm.net\/pt-pt\/\"},{\"@type\":\"ListItem\",\"position\":2,\"name\":\"Do modo de gest\u00e3o de crise ao modo de projeto\"}]},{\"@type\":\"WebSite\",\"@id\":\"https:\/\/www.oxypharm.net\/#website\",\"url\":\"https:\/\/www.oxypharm.net\/\",\"name\":\"Oxy&#039;Pharm\",\"description\":\"\",\"publisher\":{\"@id\":\"https:\/\/www.oxypharm.net\/#organization\"},\"potentialAction\":[{\"@type\":\"SearchAction\",\"target\":{\"@type\":\"EntryPoint\",\"urlTemplate\":\"https:\/\/www.oxypharm.net\/?s={search_term_string}\"},\"query-input\":{\"@type\":\"PropertyValueSpecification\",\"valueRequired\":true,\"valueName\":\"search_term_string\"}}],\"inLanguage\":\"pt-PT\"},{\"@type\":\"Organization\",\"@id\":\"https:\/\/www.oxypharm.net\/#organization\",\"name\":\"Oxy'pharm\",\"alternateName\":\"Oxypharm\",\"url\":\"https:\/\/www.oxypharm.net\/\",\"logo\":{\"@type\":\"ImageObject\",\"inLanguage\":\"pt-PT\",\"@id\":\"https:\/\/www.oxypharm.net\/#\/schema\/logo\/image\/\",\"url\":\"https:\/\/www.oxypharm.net\/wp-content\/uploads\/2023\/06\/Logo-Medtradex-Oxypharm.jpg\",\"contentUrl\":\"https:\/\/www.oxypharm.net\/wp-content\/uploads\/2023\/06\/Logo-Medtradex-Oxypharm.jpg\",\"width\":500,\"height\":500,\"caption\":\"Oxy'pharm\"},\"image\":{\"@id\":\"https:\/\/www.oxypharm.net\/#\/schema\/logo\/image\/\"},\"sameAs\":[\"https:\/\/www.facebook.com\/profile.php?id=100065087790394\",\"https:\/\/x.com\/OxyPharm\",\"https:\/\/www.instagram.com\/oxy_pharm\/\",\"https:\/\/www.linkedin.com\/company\/oxy-pharm\/\",\"https:\/\/www.youtube.com\/channel\/UCwTjwWFZWcMdPPlvkTuiurw\"]},{\"@type\":\"Person\",\"@id\":\"https:\/\/www.oxypharm.net\/#\/schema\/person\/4e54abf170588a0853a460e68ac97dc8\",\"name\":\"marketing\"}]}<\/script>\n<!-- \/ Yoast SEO plugin. -->","yoast_head_json":{"title":"Do modo de gest\u00e3o de crise ao modo de projeto - Oxy&#039;Pharm","robots":{"index":"index","follow":"follow","max-snippet":"max-snippet:-1","max-image-preview":"max-image-preview:large","max-video-preview":"max-video-preview:-1"},"canonical":"https:\/\/www.oxypharm.net\/pt-pt\/do-modo-de-gestao-de-crise-ao-modo-de-projeto\/","og_locale":"pt_PT","og_type":"article","og_title":"Do modo de gest\u00e3o de crise ao modo de projeto - Oxy&#039;Pharm","og_description":"[vc_row][vc_column][vc_column_text]Publicado em G\u00e9roscopie[\/vc_column_text][\/vc_column][\/vc_row][vc_row][vc_column][vc_column_text] N\u00b05. Os encontros da higiene [\/vc_column_text][\/vc_column][\/vc_row][vc_row][vc_column][vc_single_image image=&#8221;9215&#8243; img_size=&#8221;full&#8221;][vc_column_text]O setor da limpeza das instala\u00e7\u00f5es e a higiene encontram-se","og_url":"https:\/\/www.oxypharm.net\/pt-pt\/do-modo-de-gestao-de-crise-ao-modo-de-projeto\/","og_site_name":"Oxy&#039;Pharm","article_publisher":"https:\/\/www.facebook.com\/profile.php?id=100065087790394","article_published_time":"2023-01-09T16:14:13+00:00","article_modified_time":"2025-04-28T09:31:45+00:00","og_image":[{"width":1478,"height":1108,"url":"https:\/\/www.oxypharm.net\/wp-content\/uploads\/2022\/09\/stand_medica_2.jpg","type":"image\/jpeg"}],"author":"marketing","twitter_card":"summary_large_image","twitter_creator":"@OxyPharm","twitter_site":"@OxyPharm","twitter_misc":{"Written by":"marketing","Est. reading time":"1 minute"},"schema":{"@context":"https:\/\/schema.org","@graph":[{"@type":"Article","@id":"https:\/\/www.oxypharm.net\/pt-pt\/do-modo-de-gestao-de-crise-ao-modo-de-projeto\/#article","isPartOf":{"@id":"https:\/\/www.oxypharm.net\/pt-pt\/do-modo-de-gestao-de-crise-ao-modo-de-projeto\/"},"author":{"name":"marketing","@id":"https:\/\/www.oxypharm.net\/#\/schema\/person\/4e54abf170588a0853a460e68ac97dc8"},"headline":"Do modo de gest\u00e3o de crise ao modo de projeto","datePublished":"2023-01-09T16:14:13+00:00","dateModified":"2025-04-28T09:31:45+00:00","mainEntityOfPage":{"@id":"https:\/\/www.oxypharm.net\/pt-pt\/do-modo-de-gestao-de-crise-ao-modo-de-projeto\/"},"wordCount":295,"publisher":{"@id":"https:\/\/www.oxypharm.net\/#organization"},"image":{"@id":"https:\/\/www.oxypharm.net\/pt-pt\/do-modo-de-gestao-de-crise-ao-modo-de-projeto\/#primaryimage"},"thumbnailUrl":"https:\/\/www.oxypharm.net\/wp-content\/uploads\/2022\/09\/stand_medica_2.jpg","keywords":["Oxy'Pharm","Oxy'Pharm","responsabilidade ambiental"],"articleSection":["Artigos"],"inLanguage":"pt-PT"},{"@type":"WebPage","@id":"https:\/\/www.oxypharm.net\/pt-pt\/do-modo-de-gestao-de-crise-ao-modo-de-projeto\/","url":"https:\/\/www.oxypharm.net\/pt-pt\/do-modo-de-gestao-de-crise-ao-modo-de-projeto\/","name":"Do modo de gest\u00e3o de crise ao modo de projeto - Oxy&#039;Pharm","isPartOf":{"@id":"https:\/\/www.oxypharm.net\/#website"},"primaryImageOfPage":{"@id":"https:\/\/www.oxypharm.net\/pt-pt\/do-modo-de-gestao-de-crise-ao-modo-de-projeto\/#primaryimage"},"image":{"@id":"https:\/\/www.oxypharm.net\/pt-pt\/do-modo-de-gestao-de-crise-ao-modo-de-projeto\/#primaryimage"},"thumbnailUrl":"https:\/\/www.oxypharm.net\/wp-content\/uploads\/2022\/09\/stand_medica_2.jpg","datePublished":"2023-01-09T16:14:13+00:00","dateModified":"2025-04-28T09:31:45+00:00","breadcrumb":{"@id":"https:\/\/www.oxypharm.net\/pt-pt\/do-modo-de-gestao-de-crise-ao-modo-de-projeto\/#breadcrumb"},"inLanguage":"pt-PT","potentialAction":[{"@type":"ReadAction","target":["https:\/\/www.oxypharm.net\/pt-pt\/do-modo-de-gestao-de-crise-ao-modo-de-projeto\/"]}]},{"@type":"ImageObject","inLanguage":"pt-PT","@id":"https:\/\/www.oxypharm.net\/pt-pt\/do-modo-de-gestao-de-crise-ao-modo-de-projeto\/#primaryimage","url":"https:\/\/www.oxypharm.net\/wp-content\/uploads\/2022\/09\/stand_medica_2.jpg","contentUrl":"https:\/\/www.oxypharm.net\/wp-content\/uploads\/2022\/09\/stand_medica_2.jpg","width":1478,"height":1108},{"@type":"BreadcrumbList","@id":"https:\/\/www.oxypharm.net\/pt-pt\/do-modo-de-gestao-de-crise-ao-modo-de-projeto\/#breadcrumb","itemListElement":[{"@type":"ListItem","position":1,"name":"Accueil","item":"https:\/\/www.oxypharm.net\/pt-pt\/"},{"@type":"ListItem","position":2,"name":"Do modo de gest\u00e3o de crise ao modo de projeto"}]},{"@type":"WebSite","@id":"https:\/\/www.oxypharm.net\/#website","url":"https:\/\/www.oxypharm.net\/","name":"Oxy&#039;Pharm","description":"","publisher":{"@id":"https:\/\/www.oxypharm.net\/#organization"},"potentialAction":[{"@type":"SearchAction","target":{"@type":"EntryPoint","urlTemplate":"https:\/\/www.oxypharm.net\/?s={search_term_string}"},"query-input":{"@type":"PropertyValueSpecification","valueRequired":true,"valueName":"search_term_string"}}],"inLanguage":"pt-PT"},{"@type":"Organization","@id":"https:\/\/www.oxypharm.net\/#organization","name":"Oxy'pharm","alternateName":"Oxypharm","url":"https:\/\/www.oxypharm.net\/","logo":{"@type":"ImageObject","inLanguage":"pt-PT","@id":"https:\/\/www.oxypharm.net\/#\/schema\/logo\/image\/","url":"https:\/\/www.oxypharm.net\/wp-content\/uploads\/2023\/06\/Logo-Medtradex-Oxypharm.jpg","contentUrl":"https:\/\/www.oxypharm.net\/wp-content\/uploads\/2023\/06\/Logo-Medtradex-Oxypharm.jpg","width":500,"height":500,"caption":"Oxy'pharm"},"image":{"@id":"https:\/\/www.oxypharm.net\/#\/schema\/logo\/image\/"},"sameAs":["https:\/\/www.facebook.com\/profile.php?id=100065087790394","https:\/\/x.com\/OxyPharm","https:\/\/www.instagram.com\/oxy_pharm\/","https:\/\/www.linkedin.com\/company\/oxy-pharm\/","https:\/\/www.youtube.com\/channel\/UCwTjwWFZWcMdPPlvkTuiurw"]},{"@type":"Person","@id":"https:\/\/www.oxypharm.net\/#\/schema\/person\/4e54abf170588a0853a460e68ac97dc8","name":"marketing"}]}},"_links":{"self":[{"href":"https:\/\/www.oxypharm.net\/pt-pt\/wp-json\/wp\/v2\/posts\/11427","targetHints":{"allow":["GET"]}}],"collection":[{"href":"https:\/\/www.oxypharm.net\/pt-pt\/wp-json\/wp\/v2\/posts"}],"about":[{"href":"https:\/\/www.oxypharm.net\/pt-pt\/wp-json\/wp\/v2\/types\/post"}],"author":[{"embeddable":true,"href":"https:\/\/www.oxypharm.net\/pt-pt\/wp-json\/wp\/v2\/users\/3"}],"replies":[{"embeddable":true,"href":"https:\/\/www.oxypharm.net\/pt-pt\/wp-json\/wp\/v2\/comments?post=11427"}],"version-history":[{"count":1,"href":"https:\/\/www.oxypharm.net\/pt-pt\/wp-json\/wp\/v2\/posts\/11427\/revisions"}],"predecessor-version":[{"id":16310,"href":"https:\/\/www.oxypharm.net\/pt-pt\/wp-json\/wp\/v2\/posts\/11427\/revisions\/16310"}],"wp:featuredmedia":[{"embeddable":true,"href":"https:\/\/www.oxypharm.net\/pt-pt\/wp-json\/wp\/v2\/media\/9220"}],"wp:attachment":[{"href":"https:\/\/www.oxypharm.net\/pt-pt\/wp-json\/wp\/v2\/media?parent=11427"}],"wp:term":[{"taxonomy":"category","embeddable":true,"href":"https:\/\/www.oxypharm.net\/pt-pt\/wp-json\/wp\/v2\/categories?post=11427"},{"taxonomy":"post_tag","embeddable":true,"href":"https:\/\/www.oxypharm.net\/pt-pt\/wp-json\/wp\/v2\/tags?post=11427"}],"curies":[{"name":"wp","href":"https:\/\/api.w.org\/{rel}","templated":true}]}}