{"id":11334,"date":"2023-01-09T16:07:02","date_gmt":"2023-01-09T16:07:02","guid":{"rendered":"https:\/\/preprod.oxypharm.net\/para-a-oxypharm-eficiencia-e-responsabilidade-ecologica-andam-de-maos-dadas-2\/"},"modified":"2025-04-28T09:36:02","modified_gmt":"2025-04-28T09:36:02","slug":"para-a-oxypharm-eficiencia-e-responsabilidade-ecologica-andam-de-maos-dadas-2","status":"publish","type":"post","link":"https:\/\/www.oxypharm.net\/pt-pt\/para-a-oxypharm-eficiencia-e-responsabilidade-ecologica-andam-de-maos-dadas-2\/","title":{"rendered":"Para a Oxy&rsquo;pharm, efici\u00eancia e responsabilidade ecol\u00f3gica andam de m\u00e3os dadas"},"content":{"rendered":"<div class=\"wpb-content-wrapper\"><p>[vc_row][vc_column][vc_column_text]Publicado em <em>Ehpadia magazine<\/em>[\/vc_column_text][\/vc_column][\/vc_row][vc_row][vc_column width=&#8221;2\/3&#8243;][vc_column_text]<strong>Fundada em 2003, a Oxy&#8217;Pharm est\u00e1, nomeadamente, na origem do Nocotech, um conceito inovador para a biodesinfe\u00e7\u00e3o das superf\u00edcies por via a\u00e9rea (DSVA), cuja efic\u00e1cia est\u00e1 comprovada contra agentes patog\u00e9nicos sem gerar riscos para os seres humanos e para o ambiente. Esta dupla exig\u00eancia permanece no centro da sua oferta alargada, como explica Thierry Rouleau, doutor em farm\u00e1cia e presidente e cofundador deste grupo franc\u00eas.<\/strong>[\/vc_column_text][\/vc_column][vc_column width=&#8221;1\/3&#8243;][vc_single_image image=&#8221;8846&#8243; add_caption=&#8221;yes&#8221;][\/vc_column][\/vc_row][vc_row][vc_column][vc_column_text]<\/p>\n<h4><strong>Em que contexto nasceu o <\/strong><strong>Nocotech?<\/strong><\/h4>\n<p>[\/vc_column_text][vc_column_text]<strong>Dr. Thierry Rouleau<\/strong>: Para retra\u00e7ar a sua hist\u00f3ria, \u00e9 necess\u00e1rio voltar ao in\u00edcio da d\u00e9cada de 1980 e \u00e0 cria\u00e7\u00e3o da Airel. Esta empresa, que cofundei com o meu irm\u00e3o tornou-se no grupo Airel-Quetin, o \u00faltimo fabricante franc\u00eas de cadeiras de dentista. Nessa altura j\u00e1 estava interessado na preven\u00e7\u00e3o das contamina\u00e7\u00f5es cruzadas, o que me levou a desenvolver o \u00fanico sistema de tratamento que, ainda hoje, garante uma \u00e1gua isenta de germes nas cl\u00ednicas dent\u00e1rias. Alargando a minha reflex\u00e3o ao controlo dos riscos veiculados pelo homem, procurei uma solu\u00e7\u00e3o para a descontamina\u00e7\u00e3o das superf\u00edcies, que apresentaria um largo espetro mas n\u00e3o deixaria qualquer res\u00edduo, limitando assim a resist\u00eancia. Foi assim que a minha aten\u00e7\u00e3o se orientou para o per\u00f3xido de hidrog\u00e9nio, ou H\u2082O\u2082.[\/vc_column_text][vc_column_text]<\/p>\n<h4><strong>Como procedeu?<\/strong><\/h4>\n<p>[\/vc_column_text][vc_column_text]O H\u2082O\u2082 satisfazia totalmente a minha exig\u00eancia principal: \u00e9 eficaz em v\u00edrus, bact\u00e9rias, esporos e fungos, e decomp\u00f5e-se apenas em \u00e1gua e em oxig\u00e9nio. \u00c9, por\u00e9m, muito corrosivo na sua forma l\u00edquida, pelo que se tornou necess\u00e1rio trabalhar neste ponto. Ap\u00f3s v\u00e1rios anos de investiga\u00e7\u00e3o, elabor\u00e1mos o Nocotech, atrav\u00e9s do qual a H\u2082O\u2082 se difunde sob forma gasosa, o que lhe permite penetrar em todo o lado. Perde assim as suas propriedades corrosivas, mas conserva as suas propriedades desinfetantes, com efic\u00e1cia comprovada segundo as normas<\/p>\n<p>francesa NF T-72280 e europeia EN 17272. Este grande avan\u00e7o levou \u00e0 cria\u00e7\u00e3o da Oxy&#8217;Pharm em 2003. Em 2006, os formalde\u00eddos foram classificados como cancer\u00edgenos. Os hospitais, que os utilizavam extensivamente para a desinfe\u00e7\u00e3o as suas instala\u00e7\u00f5es, interessaram-se pelo nosso conceito, que \u00e9 agora utilizado em 122 pa\u00edses. Contudo, quer\u00edamos ir mais longe. Cientes de que a qualidade de uma biodesinfe\u00e7\u00e3o est\u00e1 intimamente ligada \u00e0 qualidade da biolimpeza efetuada a montante, adquirimos em 2019 a sociedade sediada em Lyon Sanivap, fabricante de produtos de limpeza biol\u00f3gica a vapor.[\/vc_column_text][vc_column_text][\/vc_column_text][vc_column_text]<strong>Esta oferta alargada, simultaneamente biodegrad\u00e1vel e conforme \u00e0s normas em vigor, funciona agora em total sinergia.<\/strong><br \/>\nO Sanivap e o Nocotech inscrevem-se, com efeito, na mesma filosofia. Com base na difus\u00e3o de vapor de \u00e1gua a alta temperatura e a alta press\u00e3o, o Sanivap n\u00e3o deixa qualquer res\u00edduo e \u00e9, por conseguinte, perfeitamente respeitador do ambiente. N\u00e3o perde em efic\u00e1cia, eliminando o biofilme e as contamina\u00e7\u00f5es em conformidade com as exig\u00eancias da norma NF 72-110. N\u00e3o \u00e9, por conseguinte, surpreendente que a solu\u00e7\u00e3o combinada Sanivap\/Nocotech tenha rapidamente conquistado as institui\u00e7\u00f5es de sa\u00fade. A nossa gama dever\u00e1 continuar a crescer, designadamente em resposta ao problema das part\u00edculas em suspens\u00e3o no ar que veiculam microrganismos. Conservaremos, por\u00e9m, os valores centrais \u00e0 nossa proposta atual, procurando solu\u00e7\u00f5es ecologicamente respons\u00e1veis e cuja efic\u00e1cia possa ser validada de forma quantific\u00e1vel, como \u00e9 o caso, por exemplo, dos sistemas de tratamento do ar por filtra\u00e7\u00e3o, que se baseiam em normas reconhecidas, ao contr\u00e1rio da fotocat\u00e1lise ou dos UV.[\/vc_column_text][\/vc_column][\/vc_row][vc_row][vc_column][vc_column_text]<strong>Descubra a oferta da Oxy&#8217;Pharm, no congresso da FNADEPA em Angers (16\/11) e<\/strong><br \/>\n<strong>La-Roche-sur-Yon (18\/11), e nos encontros AGE3 Marselha (18\/11) e AGE3 Nancy (16\/12).<\/strong>[\/vc_column_text][\/vc_column][\/vc_row]<\/p>\n<\/div>","protected":false},"excerpt":{"rendered":"<p>[vc_row][vc_column][vc_column_text]Publicado em Ehpadia magazine[\/vc_column_text][\/vc_column][\/vc_row][vc_row][vc_column width=&#8221;2\/3&#8243;][vc_column_text]Fundada em 2003, a Oxy&#8217;Pharm est\u00e1, nomeadamente, na origem do Nocotech, um conceito inovador para a<\/p>\n","protected":false},"author":3,"featured_media":14809,"comment_status":"closed","ping_status":"open","sticky":false,"template":"","format":"standard","meta":{"_acf_changed":false,"footnotes":""},"categories":[67],"tags":[168,126,125],"class_list":["post-11334","post","type-post","status-publish","format-standard","has-post-thumbnail","hentry","category-artigos","tag-a-la-une-pt-pt","tag-oxypharm-pt-pt","tag-responsabilidade-ambiental"],"acf":[],"yoast_head":"<!-- This site is optimized with the Yoast SEO plugin v26.1.1 - https:\/\/yoast.com\/wordpress\/plugins\/seo\/ -->\n<title>Para a Oxy&rsquo;pharm, efici\u00eancia e responsabilidade ecol\u00f3gica andam de m\u00e3os dadas - Oxy&#039;Pharm<\/title>\n<meta name=\"robots\" content=\"index, follow, max-snippet:-1, max-image-preview:large, max-video-preview:-1\" \/>\n<link rel=\"canonical\" href=\"https:\/\/www.oxypharm.net\/pt-pt\/para-a-oxypharm-eficiencia-e-responsabilidade-ecologica-andam-de-maos-dadas-2\/\" \/>\n<meta property=\"og:locale\" content=\"pt_PT\" \/>\n<meta property=\"og:type\" content=\"article\" \/>\n<meta property=\"og:title\" content=\"Para a Oxy&rsquo;pharm, efici\u00eancia e responsabilidade ecol\u00f3gica andam de m\u00e3os dadas - Oxy&#039;Pharm\" \/>\n<meta property=\"og:description\" content=\"[vc_row][vc_column][vc_column_text]Publicado em Ehpadia magazine[\/vc_column_text][\/vc_column][\/vc_row][vc_row][vc_column width=&#8221;2\/3&#8243;][vc_column_text]Fundada em 2003, a Oxy&#8217;Pharm est\u00e1, nomeadamente, na origem do Nocotech, um conceito inovador para a\" \/>\n<meta property=\"og:url\" content=\"https:\/\/www.oxypharm.net\/pt-pt\/para-a-oxypharm-eficiencia-e-responsabilidade-ecologica-andam-de-maos-dadas-2\/\" \/>\n<meta property=\"og:site_name\" content=\"Oxy&#039;Pharm\" \/>\n<meta property=\"article:publisher\" content=\"https:\/\/www.facebook.com\/profile.php?id=100065087790394\" \/>\n<meta property=\"article:published_time\" content=\"2023-01-09T16:07:02+00:00\" \/>\n<meta property=\"article:modified_time\" content=\"2025-04-28T09:36:02+00:00\" \/>\n<meta property=\"og:image\" content=\"https:\/\/www.oxypharm.net\/wp-content\/uploads\/2023\/04\/Exposants-16-1920x1280.jpg\" \/>\n\t<meta property=\"og:image:width\" content=\"1920\" \/>\n\t<meta property=\"og:image:height\" content=\"1280\" \/>\n\t<meta property=\"og:image:type\" content=\"image\/jpeg\" \/>\n<meta name=\"author\" content=\"marketing\" \/>\n<meta name=\"twitter:card\" content=\"summary_large_image\" \/>\n<meta name=\"twitter:creator\" content=\"@OxyPharm\" \/>\n<meta name=\"twitter:site\" content=\"@OxyPharm\" \/>\n<meta name=\"twitter:label1\" content=\"Written by\" \/>\n\t<meta name=\"twitter:data1\" content=\"marketing\" \/>\n\t<meta name=\"twitter:label2\" content=\"Est. reading time\" \/>\n\t<meta name=\"twitter:data2\" content=\"3 minutes\" \/>\n<script type=\"application\/ld+json\" class=\"yoast-schema-graph\">{\"@context\":\"https:\/\/schema.org\",\"@graph\":[{\"@type\":\"Article\",\"@id\":\"https:\/\/www.oxypharm.net\/pt-pt\/para-a-oxypharm-eficiencia-e-responsabilidade-ecologica-andam-de-maos-dadas-2\/#article\",\"isPartOf\":{\"@id\":\"https:\/\/www.oxypharm.net\/pt-pt\/para-a-oxypharm-eficiencia-e-responsabilidade-ecologica-andam-de-maos-dadas-2\/\"},\"author\":{\"name\":\"marketing\",\"@id\":\"https:\/\/www.oxypharm.net\/#\/schema\/person\/4e54abf170588a0853a460e68ac97dc8\"},\"headline\":\"Para a Oxy&rsquo;pharm, efici\u00eancia e responsabilidade ecol\u00f3gica andam de m\u00e3os dadas\",\"datePublished\":\"2023-01-09T16:07:02+00:00\",\"dateModified\":\"2025-04-28T09:36:02+00:00\",\"mainEntityOfPage\":{\"@id\":\"https:\/\/www.oxypharm.net\/pt-pt\/para-a-oxypharm-eficiencia-e-responsabilidade-ecologica-andam-de-maos-dadas-2\/\"},\"wordCount\":734,\"publisher\":{\"@id\":\"https:\/\/www.oxypharm.net\/#organization\"},\"image\":{\"@id\":\"https:\/\/www.oxypharm.net\/pt-pt\/para-a-oxypharm-eficiencia-e-responsabilidade-ecologica-andam-de-maos-dadas-2\/#primaryimage\"},\"thumbnailUrl\":\"https:\/\/www.oxypharm.net\/wp-content\/uploads\/2023\/04\/Exposants-16.jpg\",\"keywords\":[\"\u00e0 la une\",\"Oxy'Pharm\",\"responsabilidade ambiental\"],\"articleSection\":[\"Artigos\"],\"inLanguage\":\"pt-PT\"},{\"@type\":\"WebPage\",\"@id\":\"https:\/\/www.oxypharm.net\/pt-pt\/para-a-oxypharm-eficiencia-e-responsabilidade-ecologica-andam-de-maos-dadas-2\/\",\"url\":\"https:\/\/www.oxypharm.net\/pt-pt\/para-a-oxypharm-eficiencia-e-responsabilidade-ecologica-andam-de-maos-dadas-2\/\",\"name\":\"Para a Oxy&rsquo;pharm, efici\u00eancia e responsabilidade ecol\u00f3gica andam de m\u00e3os dadas - Oxy&#039;Pharm\",\"isPartOf\":{\"@id\":\"https:\/\/www.oxypharm.net\/#website\"},\"primaryImageOfPage\":{\"@id\":\"https:\/\/www.oxypharm.net\/pt-pt\/para-a-oxypharm-eficiencia-e-responsabilidade-ecologica-andam-de-maos-dadas-2\/#primaryimage\"},\"image\":{\"@id\":\"https:\/\/www.oxypharm.net\/pt-pt\/para-a-oxypharm-eficiencia-e-responsabilidade-ecologica-andam-de-maos-dadas-2\/#primaryimage\"},\"thumbnailUrl\":\"https:\/\/www.oxypharm.net\/wp-content\/uploads\/2023\/04\/Exposants-16.jpg\",\"datePublished\":\"2023-01-09T16:07:02+00:00\",\"dateModified\":\"2025-04-28T09:36:02+00:00\",\"breadcrumb\":{\"@id\":\"https:\/\/www.oxypharm.net\/pt-pt\/para-a-oxypharm-eficiencia-e-responsabilidade-ecologica-andam-de-maos-dadas-2\/#breadcrumb\"},\"inLanguage\":\"pt-PT\",\"potentialAction\":[{\"@type\":\"ReadAction\",\"target\":[\"https:\/\/www.oxypharm.net\/pt-pt\/para-a-oxypharm-eficiencia-e-responsabilidade-ecologica-andam-de-maos-dadas-2\/\"]}]},{\"@type\":\"ImageObject\",\"inLanguage\":\"pt-PT\",\"@id\":\"https:\/\/www.oxypharm.net\/pt-pt\/para-a-oxypharm-eficiencia-e-responsabilidade-ecologica-andam-de-maos-dadas-2\/#primaryimage\",\"url\":\"https:\/\/www.oxypharm.net\/wp-content\/uploads\/2023\/04\/Exposants-16.jpg\",\"contentUrl\":\"https:\/\/www.oxypharm.net\/wp-content\/uploads\/2023\/04\/Exposants-16.jpg\",\"width\":5760,\"height\":3840},{\"@type\":\"BreadcrumbList\",\"@id\":\"https:\/\/www.oxypharm.net\/pt-pt\/para-a-oxypharm-eficiencia-e-responsabilidade-ecologica-andam-de-maos-dadas-2\/#breadcrumb\",\"itemListElement\":[{\"@type\":\"ListItem\",\"position\":1,\"name\":\"Accueil\",\"item\":\"https:\/\/www.oxypharm.net\/pt-pt\/\"},{\"@type\":\"ListItem\",\"position\":2,\"name\":\"Para a Oxy&rsquo;pharm, efici\u00eancia e responsabilidade ecol\u00f3gica andam de m\u00e3os dadas\"}]},{\"@type\":\"WebSite\",\"@id\":\"https:\/\/www.oxypharm.net\/#website\",\"url\":\"https:\/\/www.oxypharm.net\/\",\"name\":\"Oxy&#039;Pharm\",\"description\":\"\",\"publisher\":{\"@id\":\"https:\/\/www.oxypharm.net\/#organization\"},\"potentialAction\":[{\"@type\":\"SearchAction\",\"target\":{\"@type\":\"EntryPoint\",\"urlTemplate\":\"https:\/\/www.oxypharm.net\/?s={search_term_string}\"},\"query-input\":{\"@type\":\"PropertyValueSpecification\",\"valueRequired\":true,\"valueName\":\"search_term_string\"}}],\"inLanguage\":\"pt-PT\"},{\"@type\":\"Organization\",\"@id\":\"https:\/\/www.oxypharm.net\/#organization\",\"name\":\"Oxy'pharm\",\"alternateName\":\"Oxypharm\",\"url\":\"https:\/\/www.oxypharm.net\/\",\"logo\":{\"@type\":\"ImageObject\",\"inLanguage\":\"pt-PT\",\"@id\":\"https:\/\/www.oxypharm.net\/#\/schema\/logo\/image\/\",\"url\":\"https:\/\/www.oxypharm.net\/wp-content\/uploads\/2023\/06\/Logo-Medtradex-Oxypharm.jpg\",\"contentUrl\":\"https:\/\/www.oxypharm.net\/wp-content\/uploads\/2023\/06\/Logo-Medtradex-Oxypharm.jpg\",\"width\":500,\"height\":500,\"caption\":\"Oxy'pharm\"},\"image\":{\"@id\":\"https:\/\/www.oxypharm.net\/#\/schema\/logo\/image\/\"},\"sameAs\":[\"https:\/\/www.facebook.com\/profile.php?id=100065087790394\",\"https:\/\/x.com\/OxyPharm\",\"https:\/\/www.instagram.com\/oxy_pharm\/\",\"https:\/\/www.linkedin.com\/company\/oxy-pharm\/\",\"https:\/\/www.youtube.com\/channel\/UCwTjwWFZWcMdPPlvkTuiurw\"]},{\"@type\":\"Person\",\"@id\":\"https:\/\/www.oxypharm.net\/#\/schema\/person\/4e54abf170588a0853a460e68ac97dc8\",\"name\":\"marketing\"}]}<\/script>\n<!-- \/ Yoast SEO plugin. -->","yoast_head_json":{"title":"Para a Oxy&rsquo;pharm, efici\u00eancia e responsabilidade ecol\u00f3gica andam de m\u00e3os dadas - Oxy&#039;Pharm","robots":{"index":"index","follow":"follow","max-snippet":"max-snippet:-1","max-image-preview":"max-image-preview:large","max-video-preview":"max-video-preview:-1"},"canonical":"https:\/\/www.oxypharm.net\/pt-pt\/para-a-oxypharm-eficiencia-e-responsabilidade-ecologica-andam-de-maos-dadas-2\/","og_locale":"pt_PT","og_type":"article","og_title":"Para a Oxy&rsquo;pharm, efici\u00eancia e responsabilidade ecol\u00f3gica andam de m\u00e3os dadas - Oxy&#039;Pharm","og_description":"[vc_row][vc_column][vc_column_text]Publicado em Ehpadia magazine[\/vc_column_text][\/vc_column][\/vc_row][vc_row][vc_column width=&#8221;2\/3&#8243;][vc_column_text]Fundada em 2003, a Oxy&#8217;Pharm est\u00e1, nomeadamente, na origem do Nocotech, um conceito inovador para a","og_url":"https:\/\/www.oxypharm.net\/pt-pt\/para-a-oxypharm-eficiencia-e-responsabilidade-ecologica-andam-de-maos-dadas-2\/","og_site_name":"Oxy&#039;Pharm","article_publisher":"https:\/\/www.facebook.com\/profile.php?id=100065087790394","article_published_time":"2023-01-09T16:07:02+00:00","article_modified_time":"2025-04-28T09:36:02+00:00","og_image":[{"width":1920,"height":1280,"url":"https:\/\/www.oxypharm.net\/wp-content\/uploads\/2023\/04\/Exposants-16-1920x1280.jpg","type":"image\/jpeg"}],"author":"marketing","twitter_card":"summary_large_image","twitter_creator":"@OxyPharm","twitter_site":"@OxyPharm","twitter_misc":{"Written by":"marketing","Est. reading time":"3 minutes"},"schema":{"@context":"https:\/\/schema.org","@graph":[{"@type":"Article","@id":"https:\/\/www.oxypharm.net\/pt-pt\/para-a-oxypharm-eficiencia-e-responsabilidade-ecologica-andam-de-maos-dadas-2\/#article","isPartOf":{"@id":"https:\/\/www.oxypharm.net\/pt-pt\/para-a-oxypharm-eficiencia-e-responsabilidade-ecologica-andam-de-maos-dadas-2\/"},"author":{"name":"marketing","@id":"https:\/\/www.oxypharm.net\/#\/schema\/person\/4e54abf170588a0853a460e68ac97dc8"},"headline":"Para a Oxy&rsquo;pharm, efici\u00eancia e responsabilidade ecol\u00f3gica andam de m\u00e3os dadas","datePublished":"2023-01-09T16:07:02+00:00","dateModified":"2025-04-28T09:36:02+00:00","mainEntityOfPage":{"@id":"https:\/\/www.oxypharm.net\/pt-pt\/para-a-oxypharm-eficiencia-e-responsabilidade-ecologica-andam-de-maos-dadas-2\/"},"wordCount":734,"publisher":{"@id":"https:\/\/www.oxypharm.net\/#organization"},"image":{"@id":"https:\/\/www.oxypharm.net\/pt-pt\/para-a-oxypharm-eficiencia-e-responsabilidade-ecologica-andam-de-maos-dadas-2\/#primaryimage"},"thumbnailUrl":"https:\/\/www.oxypharm.net\/wp-content\/uploads\/2023\/04\/Exposants-16.jpg","keywords":["\u00e0 la une","Oxy'Pharm","responsabilidade ambiental"],"articleSection":["Artigos"],"inLanguage":"pt-PT"},{"@type":"WebPage","@id":"https:\/\/www.oxypharm.net\/pt-pt\/para-a-oxypharm-eficiencia-e-responsabilidade-ecologica-andam-de-maos-dadas-2\/","url":"https:\/\/www.oxypharm.net\/pt-pt\/para-a-oxypharm-eficiencia-e-responsabilidade-ecologica-andam-de-maos-dadas-2\/","name":"Para a Oxy&rsquo;pharm, efici\u00eancia e responsabilidade ecol\u00f3gica andam de m\u00e3os dadas - Oxy&#039;Pharm","isPartOf":{"@id":"https:\/\/www.oxypharm.net\/#website"},"primaryImageOfPage":{"@id":"https:\/\/www.oxypharm.net\/pt-pt\/para-a-oxypharm-eficiencia-e-responsabilidade-ecologica-andam-de-maos-dadas-2\/#primaryimage"},"image":{"@id":"https:\/\/www.oxypharm.net\/pt-pt\/para-a-oxypharm-eficiencia-e-responsabilidade-ecologica-andam-de-maos-dadas-2\/#primaryimage"},"thumbnailUrl":"https:\/\/www.oxypharm.net\/wp-content\/uploads\/2023\/04\/Exposants-16.jpg","datePublished":"2023-01-09T16:07:02+00:00","dateModified":"2025-04-28T09:36:02+00:00","breadcrumb":{"@id":"https:\/\/www.oxypharm.net\/pt-pt\/para-a-oxypharm-eficiencia-e-responsabilidade-ecologica-andam-de-maos-dadas-2\/#breadcrumb"},"inLanguage":"pt-PT","potentialAction":[{"@type":"ReadAction","target":["https:\/\/www.oxypharm.net\/pt-pt\/para-a-oxypharm-eficiencia-e-responsabilidade-ecologica-andam-de-maos-dadas-2\/"]}]},{"@type":"ImageObject","inLanguage":"pt-PT","@id":"https:\/\/www.oxypharm.net\/pt-pt\/para-a-oxypharm-eficiencia-e-responsabilidade-ecologica-andam-de-maos-dadas-2\/#primaryimage","url":"https:\/\/www.oxypharm.net\/wp-content\/uploads\/2023\/04\/Exposants-16.jpg","contentUrl":"https:\/\/www.oxypharm.net\/wp-content\/uploads\/2023\/04\/Exposants-16.jpg","width":5760,"height":3840},{"@type":"BreadcrumbList","@id":"https:\/\/www.oxypharm.net\/pt-pt\/para-a-oxypharm-eficiencia-e-responsabilidade-ecologica-andam-de-maos-dadas-2\/#breadcrumb","itemListElement":[{"@type":"ListItem","position":1,"name":"Accueil","item":"https:\/\/www.oxypharm.net\/pt-pt\/"},{"@type":"ListItem","position":2,"name":"Para a Oxy&rsquo;pharm, efici\u00eancia e responsabilidade ecol\u00f3gica andam de m\u00e3os dadas"}]},{"@type":"WebSite","@id":"https:\/\/www.oxypharm.net\/#website","url":"https:\/\/www.oxypharm.net\/","name":"Oxy&#039;Pharm","description":"","publisher":{"@id":"https:\/\/www.oxypharm.net\/#organization"},"potentialAction":[{"@type":"SearchAction","target":{"@type":"EntryPoint","urlTemplate":"https:\/\/www.oxypharm.net\/?s={search_term_string}"},"query-input":{"@type":"PropertyValueSpecification","valueRequired":true,"valueName":"search_term_string"}}],"inLanguage":"pt-PT"},{"@type":"Organization","@id":"https:\/\/www.oxypharm.net\/#organization","name":"Oxy'pharm","alternateName":"Oxypharm","url":"https:\/\/www.oxypharm.net\/","logo":{"@type":"ImageObject","inLanguage":"pt-PT","@id":"https:\/\/www.oxypharm.net\/#\/schema\/logo\/image\/","url":"https:\/\/www.oxypharm.net\/wp-content\/uploads\/2023\/06\/Logo-Medtradex-Oxypharm.jpg","contentUrl":"https:\/\/www.oxypharm.net\/wp-content\/uploads\/2023\/06\/Logo-Medtradex-Oxypharm.jpg","width":500,"height":500,"caption":"Oxy'pharm"},"image":{"@id":"https:\/\/www.oxypharm.net\/#\/schema\/logo\/image\/"},"sameAs":["https:\/\/www.facebook.com\/profile.php?id=100065087790394","https:\/\/x.com\/OxyPharm","https:\/\/www.instagram.com\/oxy_pharm\/","https:\/\/www.linkedin.com\/company\/oxy-pharm\/","https:\/\/www.youtube.com\/channel\/UCwTjwWFZWcMdPPlvkTuiurw"]},{"@type":"Person","@id":"https:\/\/www.oxypharm.net\/#\/schema\/person\/4e54abf170588a0853a460e68ac97dc8","name":"marketing"}]}},"_links":{"self":[{"href":"https:\/\/www.oxypharm.net\/pt-pt\/wp-json\/wp\/v2\/posts\/11334","targetHints":{"allow":["GET"]}}],"collection":[{"href":"https:\/\/www.oxypharm.net\/pt-pt\/wp-json\/wp\/v2\/posts"}],"about":[{"href":"https:\/\/www.oxypharm.net\/pt-pt\/wp-json\/wp\/v2\/types\/post"}],"author":[{"embeddable":true,"href":"https:\/\/www.oxypharm.net\/pt-pt\/wp-json\/wp\/v2\/users\/3"}],"replies":[{"embeddable":true,"href":"https:\/\/www.oxypharm.net\/pt-pt\/wp-json\/wp\/v2\/comments?post=11334"}],"version-history":[{"count":2,"href":"https:\/\/www.oxypharm.net\/pt-pt\/wp-json\/wp\/v2\/posts\/11334\/revisions"}],"predecessor-version":[{"id":16307,"href":"https:\/\/www.oxypharm.net\/pt-pt\/wp-json\/wp\/v2\/posts\/11334\/revisions\/16307"}],"wp:featuredmedia":[{"embeddable":true,"href":"https:\/\/www.oxypharm.net\/pt-pt\/wp-json\/wp\/v2\/media\/14809"}],"wp:attachment":[{"href":"https:\/\/www.oxypharm.net\/pt-pt\/wp-json\/wp\/v2\/media?parent=11334"}],"wp:term":[{"taxonomy":"category","embeddable":true,"href":"https:\/\/www.oxypharm.net\/pt-pt\/wp-json\/wp\/v2\/categories?post=11334"},{"taxonomy":"post_tag","embeddable":true,"href":"https:\/\/www.oxypharm.net\/pt-pt\/wp-json\/wp\/v2\/tags?post=11334"}],"curies":[{"name":"wp","href":"https:\/\/api.w.org\/{rel}","templated":true}]}}