{"id":21562,"date":"2025-04-10T14:15:35","date_gmt":"2025-04-10T14:15:35","guid":{"rendered":"https:\/\/www.oxypharm.net\/?p=21562"},"modified":"2025-04-28T09:22:29","modified_gmt":"2025-04-28T09:22:29","slug":"preventica-paris-10-au-12-juin-2025","status":"publish","type":"post","link":"https:\/\/www.oxypharm.net\/nl\/preventica-paris-10-au-12-juin-2025\/","title":{"rendered":"PREVENTICA PARIS \u2013 10 au 12 Juin 2025"},"content":{"rendered":"<div class=\"wpb-content-wrapper\"><p>[vc_row][vc_column][vc_single_image image=&#8221;21573&#8243; img_size=&#8221;full&#8221; css=&#8221;&#8221; el_class=&#8221;full-width&#8221;][vc_column_text css=&#8221;&#8221;]<\/p>\n<h3>Pr\u00e9ventica\u00a0 : L&#8217;\u00e9v\u00e9nement incontournable pour la sant\u00e9, la s\u00e9curit\u00e9 &amp; la QVCT<\/h3>\n<p>[\/vc_column_text][vc_column_text css=&#8221;&#8221;]<\/p>\n<p dir=\"auto\">Du 10 au 12 juin 2025, le Parc des Expositions de la Porte de Versailles \u00e0 Paris accueillera la nouvelle \u00e9dition du salon Pr\u00e9ventica. Cet \u00e9v\u00e9nement national est d\u00e9di\u00e9 \u00e0 l&#8217;innovation en mati\u00e8re de sant\u00e9, de s\u00e9curit\u00e9 et de qualit\u00e9 de vie au travail. Avec 600 exposants, 180 conf\u00e9rences et 750 experts attendus, Pr\u00e9ventica s&#8217;impose comme le rendez-vous incontournable pour tous les professionnels du secteur<\/p>\n<p>[\/vc_column_text][vc_column_text css=&#8221;&#8221;]<\/p>\n<h3>Un programme riche et vari\u00e9<\/h3>\n<p>[\/vc_column_text][vc_column_text css=&#8221;&#8221;]Le salon Pr\u00e9ventica Paris 2025 offrira un programme dense et vari\u00e9. Les visiteurs pourront assister \u00e0 des conf\u00e9rences sur divers sujets. Des ateliers participatifs seront \u00e9galement propos\u00e9s.<\/p>\n<p dir=\"auto\">Les th\u00e9matiques abord\u00e9es seront nombreuses. Les nouvelles r\u00e8glementations en mati\u00e8re de sant\u00e9 et s\u00e9curit\u00e9 au travail seront d\u00e9crypt\u00e9es. Les innovations technologiques r\u00e9centes seront pr\u00e9sent\u00e9es. Les bonnes pratiques pour am\u00e9liorer la qualit\u00e9 de vie au travail seront partag\u00e9es.<\/p>\n<p dir=\"auto\">Des solutions concr\u00e8tes pour pr\u00e9venir les risques professionnels seront mises en avant. Les visiteurs auront aussi l&#8217;occasion d&#8217;assister \u00e0 des d\u00e9monstrations. Ces pr\u00e9sentations permettront de voir en action les derni\u00e8res innovations.<\/p>\n<p>[\/vc_column_text][vc_column_text css=&#8221;&#8221;]<\/p>\n<h3>Oxy&#8217;Pharm : Experts dans la sant\u00e9<\/h3>\n<p>[\/vc_column_text][vc_column_text css=&#8221;&#8221;]Pour l&#8217;\u00e9dition 2025, Oxy&#8217;Pharm sera pr\u00e9sent au <strong>stand K2<\/strong>1. l&#8217;entreprise porpose des solution de d\u00e9sinfection par voie a\u00e9rienne (DSVA) avec Nocotech et par vapeur avec Sanivap. Ces solutions sont con\u00e7ues pour garantir un environnement de travail sain et s\u00e9curis\u00e9, en \u00e9liminant efficacement les agents pathog\u00e8nes et en r\u00e9duisant les risques de contamination.<\/p>\n<p>L&#8217;\u00e9quipe Oxy&#8217;Pharm seront heureux de vous accueillir sur le stand pour vous pr\u00e9senter leurs solutions et r\u00e9pondre \u00e0 toutes vos question !<\/p>\n<p>&nbsp;<\/p>\n<ul>\n<li>Pour r\u00e9server votre badge &amp; d\u00e9couvrir les informations pratiques du salon : <a href=\"https:\/\/www.preventica.com\/salon\/paris-2025\/infos-pratiques?_gl=1*p600et*_up*MQ..*_gs*MQ..&amp;gclid=Cj0KCQjw2N2_BhCAARIsAK4pEkXes5TOlMzKCd1YSAVL-2JTG0von4WpjL1iiooeGysU1a1HXXGeCX4aAvxgEALw_wcB#\">Cliquez ici<\/a><\/li>\n<\/ul>\n<p>&nbsp;<\/p>\n<p>En attendant l\u2019ouverture des portes, retrouvez nos derni\u00e8res actualit\u00e9s : <a href=\"https:\/\/www.oxypharm.net\/nos-actualites\/\">Cliquez Ici<\/a>[\/vc_column_text][\/vc_column][\/vc_row]<\/p>\n<\/div>","protected":false},"excerpt":{"rendered":"<p>Retrouvez Oxy&#8217;Pharm \u00e0 Preventica Paris du 10 au 12 juin 2025 sur le stand K21, porte de Versailles. Notre \u00e9quipe vous y attend !<\/p>\n","protected":false},"author":3,"featured_media":21589,"comment_status":"closed","ping_status":"open","sticky":false,"template":"","format":"standard","meta":{"_acf_changed":false,"footnotes":""},"categories":[3],"tags":[183,13,226,48,243,245,10,176],"class_list":["post-21562","post","type-post","status-publish","format-standard","has-post-thumbnail","hentry","category-evenements","tag-a-la-une","tag-desinfection","tag-eco-nettoyage","tag-ecoresponsable","tag-evenement-a-la-une-2","tag-evenement-sous-une","tag-sanivap","tag-sante-2"],"acf":[],"yoast_head":"<!-- This site is optimized with the Yoast SEO plugin v26.1.1 - https:\/\/yoast.com\/wordpress\/plugins\/seo\/ -->\n<title>PREVENTICA PARIS \u2013 10 au 12 Juin 2025 - Oxy&#039;Pharm<\/title>\n<meta name=\"description\" content=\"Retrouvez Oxy&#039;Pharm \u00e0 Preventica Paris du 10 au 12 juin 2025 sur le stand K21, porte de Versailles. Notre \u00e9quipe vous y attend !\" \/>\n<meta name=\"robots\" content=\"index, follow, max-snippet:-1, max-image-preview:large, max-video-preview:-1\" \/>\n<link rel=\"canonical\" href=\"https:\/\/www.oxypharm.net\/preventica-paris-10-au-12-juin-2025\/\" \/>\n<meta property=\"og:locale\" content=\"nl_NL\" \/>\n<meta property=\"og:type\" content=\"article\" \/>\n<meta property=\"og:title\" content=\"PREVENTICA PARIS \u2013 10 au 12 Juin 2025 - Oxy&#039;Pharm\" \/>\n<meta property=\"og:description\" content=\"Retrouvez Oxy&#039;Pharm \u00e0 Preventica Paris du 10 au 12 juin 2025 sur le stand K21, porte de Versailles. Notre \u00e9quipe vous y attend !\" \/>\n<meta property=\"og:url\" content=\"https:\/\/www.oxypharm.net\/preventica-paris-10-au-12-juin-2025\/\" \/>\n<meta property=\"og:site_name\" content=\"Oxy&#039;Pharm\" \/>\n<meta property=\"article:publisher\" content=\"https:\/\/www.facebook.com\/profile.php?id=100065087790394\" \/>\n<meta property=\"article:published_time\" content=\"2025-04-10T14:15:35+00:00\" \/>\n<meta property=\"article:modified_time\" content=\"2025-04-28T09:22:29+00:00\" \/>\n<meta property=\"og:image\" content=\"https:\/\/www.oxypharm.net\/wp-content\/uploads\/2025\/04\/Preventica-Paris-1.png\" \/>\n\t<meta property=\"og:image:width\" content=\"1920\" \/>\n\t<meta property=\"og:image:height\" content=\"1080\" \/>\n\t<meta property=\"og:image:type\" content=\"image\/png\" \/>\n<meta name=\"author\" content=\"marketing\" \/>\n<meta name=\"twitter:card\" content=\"summary_large_image\" \/>\n<meta name=\"twitter:creator\" content=\"@OxyPharm\" \/>\n<meta name=\"twitter:site\" content=\"@OxyPharm\" \/>\n<meta name=\"twitter:label1\" content=\"Written by\" \/>\n\t<meta name=\"twitter:data1\" content=\"marketing\" \/>\n\t<meta name=\"twitter:label2\" content=\"Est. reading time\" \/>\n\t<meta name=\"twitter:data2\" content=\"2 minutes\" \/>\n<script type=\"application\/ld+json\" class=\"yoast-schema-graph\">{\"@context\":\"https:\/\/schema.org\",\"@graph\":[{\"@type\":\"Article\",\"@id\":\"https:\/\/www.oxypharm.net\/preventica-paris-10-au-12-juin-2025\/#article\",\"isPartOf\":{\"@id\":\"https:\/\/www.oxypharm.net\/preventica-paris-10-au-12-juin-2025\/\"},\"author\":{\"name\":\"marketing\",\"@id\":\"https:\/\/www.oxypharm.net\/#\/schema\/person\/4e54abf170588a0853a460e68ac97dc8\"},\"headline\":\"PREVENTICA PARIS \u2013 10 au 12 Juin 2025\",\"datePublished\":\"2025-04-10T14:15:35+00:00\",\"dateModified\":\"2025-04-28T09:22:29+00:00\",\"mainEntityOfPage\":{\"@id\":\"https:\/\/www.oxypharm.net\/preventica-paris-10-au-12-juin-2025\/\"},\"wordCount\":379,\"publisher\":{\"@id\":\"https:\/\/www.oxypharm.net\/#organization\"},\"image\":{\"@id\":\"https:\/\/www.oxypharm.net\/preventica-paris-10-au-12-juin-2025\/#primaryimage\"},\"thumbnailUrl\":\"https:\/\/www.oxypharm.net\/wp-content\/uploads\/2025\/04\/Preventica-Paris-1.png\",\"keywords\":[\"\u00e0 la une\",\"D\u00e9sinfection\",\"Eco Nettoyage\",\"\u00e9coresponsable\",\"\u00e9v\u00e9nement \u00e0 la une\",\"\u00e9v\u00e9nement sous une\",\"sanivap\",\"Sant\u00e9\"],\"articleSection\":[\"\u00c9v\u00e9nements\"],\"inLanguage\":\"nl-NL\"},{\"@type\":\"WebPage\",\"@id\":\"https:\/\/www.oxypharm.net\/preventica-paris-10-au-12-juin-2025\/\",\"url\":\"https:\/\/www.oxypharm.net\/preventica-paris-10-au-12-juin-2025\/\",\"name\":\"PREVENTICA PARIS \u2013 10 au 12 Juin 2025 - Oxy&#039;Pharm\",\"isPartOf\":{\"@id\":\"https:\/\/www.oxypharm.net\/#website\"},\"primaryImageOfPage\":{\"@id\":\"https:\/\/www.oxypharm.net\/preventica-paris-10-au-12-juin-2025\/#primaryimage\"},\"image\":{\"@id\":\"https:\/\/www.oxypharm.net\/preventica-paris-10-au-12-juin-2025\/#primaryimage\"},\"thumbnailUrl\":\"https:\/\/www.oxypharm.net\/wp-content\/uploads\/2025\/04\/Preventica-Paris-1.png\",\"datePublished\":\"2025-04-10T14:15:35+00:00\",\"dateModified\":\"2025-04-28T09:22:29+00:00\",\"description\":\"Retrouvez Oxy'Pharm \u00e0 Preventica Paris du 10 au 12 juin 2025 sur le stand K21, porte de Versailles. Notre \u00e9quipe vous y attend !\",\"breadcrumb\":{\"@id\":\"https:\/\/www.oxypharm.net\/preventica-paris-10-au-12-juin-2025\/#breadcrumb\"},\"inLanguage\":\"nl-NL\",\"potentialAction\":[{\"@type\":\"ReadAction\",\"target\":[\"https:\/\/www.oxypharm.net\/preventica-paris-10-au-12-juin-2025\/\"]}]},{\"@type\":\"ImageObject\",\"inLanguage\":\"nl-NL\",\"@id\":\"https:\/\/www.oxypharm.net\/preventica-paris-10-au-12-juin-2025\/#primaryimage\",\"url\":\"https:\/\/www.oxypharm.net\/wp-content\/uploads\/2025\/04\/Preventica-Paris-1.png\",\"contentUrl\":\"https:\/\/www.oxypharm.net\/wp-content\/uploads\/2025\/04\/Preventica-Paris-1.png\",\"width\":1920,\"height\":1080},{\"@type\":\"BreadcrumbList\",\"@id\":\"https:\/\/www.oxypharm.net\/preventica-paris-10-au-12-juin-2025\/#breadcrumb\",\"itemListElement\":[{\"@type\":\"ListItem\",\"position\":1,\"name\":\"Accueil\",\"item\":\"https:\/\/www.oxypharm.net\/nl\/\"},{\"@type\":\"ListItem\",\"position\":2,\"name\":\"PREVENTICA PARIS \u2013 10 au 12 Juin 2025\"}]},{\"@type\":\"WebSite\",\"@id\":\"https:\/\/www.oxypharm.net\/#website\",\"url\":\"https:\/\/www.oxypharm.net\/\",\"name\":\"Oxy&#039;Pharm\",\"description\":\"\",\"publisher\":{\"@id\":\"https:\/\/www.oxypharm.net\/#organization\"},\"potentialAction\":[{\"@type\":\"SearchAction\",\"target\":{\"@type\":\"EntryPoint\",\"urlTemplate\":\"https:\/\/www.oxypharm.net\/?s={search_term_string}\"},\"query-input\":{\"@type\":\"PropertyValueSpecification\",\"valueRequired\":true,\"valueName\":\"search_term_string\"}}],\"inLanguage\":\"nl-NL\"},{\"@type\":\"Organization\",\"@id\":\"https:\/\/www.oxypharm.net\/#organization\",\"name\":\"Oxy'pharm\",\"alternateName\":\"Oxypharm\",\"url\":\"https:\/\/www.oxypharm.net\/\",\"logo\":{\"@type\":\"ImageObject\",\"inLanguage\":\"nl-NL\",\"@id\":\"https:\/\/www.oxypharm.net\/#\/schema\/logo\/image\/\",\"url\":\"https:\/\/www.oxypharm.net\/wp-content\/uploads\/2023\/06\/Logo-Medtradex-Oxypharm.jpg\",\"contentUrl\":\"https:\/\/www.oxypharm.net\/wp-content\/uploads\/2023\/06\/Logo-Medtradex-Oxypharm.jpg\",\"width\":500,\"height\":500,\"caption\":\"Oxy'pharm\"},\"image\":{\"@id\":\"https:\/\/www.oxypharm.net\/#\/schema\/logo\/image\/\"},\"sameAs\":[\"https:\/\/www.facebook.com\/profile.php?id=100065087790394\",\"https:\/\/x.com\/OxyPharm\",\"https:\/\/www.instagram.com\/oxy_pharm\/\",\"https:\/\/www.linkedin.com\/company\/oxy-pharm\/\",\"https:\/\/www.youtube.com\/channel\/UCwTjwWFZWcMdPPlvkTuiurw\"]},{\"@type\":\"Person\",\"@id\":\"https:\/\/www.oxypharm.net\/#\/schema\/person\/4e54abf170588a0853a460e68ac97dc8\",\"name\":\"marketing\"}]}<\/script>\n<!-- \/ Yoast SEO plugin. -->","yoast_head_json":{"title":"PREVENTICA PARIS \u2013 10 au 12 Juin 2025 - Oxy&#039;Pharm","description":"Retrouvez Oxy'Pharm \u00e0 Preventica Paris du 10 au 12 juin 2025 sur le stand K21, porte de Versailles. Notre \u00e9quipe vous y attend !","robots":{"index":"index","follow":"follow","max-snippet":"max-snippet:-1","max-image-preview":"max-image-preview:large","max-video-preview":"max-video-preview:-1"},"canonical":"https:\/\/www.oxypharm.net\/preventica-paris-10-au-12-juin-2025\/","og_locale":"nl_NL","og_type":"article","og_title":"PREVENTICA PARIS \u2013 10 au 12 Juin 2025 - Oxy&#039;Pharm","og_description":"Retrouvez Oxy'Pharm \u00e0 Preventica Paris du 10 au 12 juin 2025 sur le stand K21, porte de Versailles. Notre \u00e9quipe vous y attend !","og_url":"https:\/\/www.oxypharm.net\/preventica-paris-10-au-12-juin-2025\/","og_site_name":"Oxy&#039;Pharm","article_publisher":"https:\/\/www.facebook.com\/profile.php?id=100065087790394","article_published_time":"2025-04-10T14:15:35+00:00","article_modified_time":"2025-04-28T09:22:29+00:00","og_image":[{"width":1920,"height":1080,"url":"https:\/\/www.oxypharm.net\/wp-content\/uploads\/2025\/04\/Preventica-Paris-1.png","type":"image\/png"}],"author":"marketing","twitter_card":"summary_large_image","twitter_creator":"@OxyPharm","twitter_site":"@OxyPharm","twitter_misc":{"Written by":"marketing","Est. reading time":"2 minutes"},"schema":{"@context":"https:\/\/schema.org","@graph":[{"@type":"Article","@id":"https:\/\/www.oxypharm.net\/preventica-paris-10-au-12-juin-2025\/#article","isPartOf":{"@id":"https:\/\/www.oxypharm.net\/preventica-paris-10-au-12-juin-2025\/"},"author":{"name":"marketing","@id":"https:\/\/www.oxypharm.net\/#\/schema\/person\/4e54abf170588a0853a460e68ac97dc8"},"headline":"PREVENTICA PARIS \u2013 10 au 12 Juin 2025","datePublished":"2025-04-10T14:15:35+00:00","dateModified":"2025-04-28T09:22:29+00:00","mainEntityOfPage":{"@id":"https:\/\/www.oxypharm.net\/preventica-paris-10-au-12-juin-2025\/"},"wordCount":379,"publisher":{"@id":"https:\/\/www.oxypharm.net\/#organization"},"image":{"@id":"https:\/\/www.oxypharm.net\/preventica-paris-10-au-12-juin-2025\/#primaryimage"},"thumbnailUrl":"https:\/\/www.oxypharm.net\/wp-content\/uploads\/2025\/04\/Preventica-Paris-1.png","keywords":["\u00e0 la une","D\u00e9sinfection","Eco Nettoyage","\u00e9coresponsable","\u00e9v\u00e9nement \u00e0 la une","\u00e9v\u00e9nement sous une","sanivap","Sant\u00e9"],"articleSection":["\u00c9v\u00e9nements"],"inLanguage":"nl-NL"},{"@type":"WebPage","@id":"https:\/\/www.oxypharm.net\/preventica-paris-10-au-12-juin-2025\/","url":"https:\/\/www.oxypharm.net\/preventica-paris-10-au-12-juin-2025\/","name":"PREVENTICA PARIS \u2013 10 au 12 Juin 2025 - Oxy&#039;Pharm","isPartOf":{"@id":"https:\/\/www.oxypharm.net\/#website"},"primaryImageOfPage":{"@id":"https:\/\/www.oxypharm.net\/preventica-paris-10-au-12-juin-2025\/#primaryimage"},"image":{"@id":"https:\/\/www.oxypharm.net\/preventica-paris-10-au-12-juin-2025\/#primaryimage"},"thumbnailUrl":"https:\/\/www.oxypharm.net\/wp-content\/uploads\/2025\/04\/Preventica-Paris-1.png","datePublished":"2025-04-10T14:15:35+00:00","dateModified":"2025-04-28T09:22:29+00:00","description":"Retrouvez Oxy'Pharm \u00e0 Preventica Paris du 10 au 12 juin 2025 sur le stand K21, porte de Versailles. Notre \u00e9quipe vous y attend !","breadcrumb":{"@id":"https:\/\/www.oxypharm.net\/preventica-paris-10-au-12-juin-2025\/#breadcrumb"},"inLanguage":"nl-NL","potentialAction":[{"@type":"ReadAction","target":["https:\/\/www.oxypharm.net\/preventica-paris-10-au-12-juin-2025\/"]}]},{"@type":"ImageObject","inLanguage":"nl-NL","@id":"https:\/\/www.oxypharm.net\/preventica-paris-10-au-12-juin-2025\/#primaryimage","url":"https:\/\/www.oxypharm.net\/wp-content\/uploads\/2025\/04\/Preventica-Paris-1.png","contentUrl":"https:\/\/www.oxypharm.net\/wp-content\/uploads\/2025\/04\/Preventica-Paris-1.png","width":1920,"height":1080},{"@type":"BreadcrumbList","@id":"https:\/\/www.oxypharm.net\/preventica-paris-10-au-12-juin-2025\/#breadcrumb","itemListElement":[{"@type":"ListItem","position":1,"name":"Accueil","item":"https:\/\/www.oxypharm.net\/nl\/"},{"@type":"ListItem","position":2,"name":"PREVENTICA PARIS \u2013 10 au 12 Juin 2025"}]},{"@type":"WebSite","@id":"https:\/\/www.oxypharm.net\/#website","url":"https:\/\/www.oxypharm.net\/","name":"Oxy&#039;Pharm","description":"","publisher":{"@id":"https:\/\/www.oxypharm.net\/#organization"},"potentialAction":[{"@type":"SearchAction","target":{"@type":"EntryPoint","urlTemplate":"https:\/\/www.oxypharm.net\/?s={search_term_string}"},"query-input":{"@type":"PropertyValueSpecification","valueRequired":true,"valueName":"search_term_string"}}],"inLanguage":"nl-NL"},{"@type":"Organization","@id":"https:\/\/www.oxypharm.net\/#organization","name":"Oxy'pharm","alternateName":"Oxypharm","url":"https:\/\/www.oxypharm.net\/","logo":{"@type":"ImageObject","inLanguage":"nl-NL","@id":"https:\/\/www.oxypharm.net\/#\/schema\/logo\/image\/","url":"https:\/\/www.oxypharm.net\/wp-content\/uploads\/2023\/06\/Logo-Medtradex-Oxypharm.jpg","contentUrl":"https:\/\/www.oxypharm.net\/wp-content\/uploads\/2023\/06\/Logo-Medtradex-Oxypharm.jpg","width":500,"height":500,"caption":"Oxy'pharm"},"image":{"@id":"https:\/\/www.oxypharm.net\/#\/schema\/logo\/image\/"},"sameAs":["https:\/\/www.facebook.com\/profile.php?id=100065087790394","https:\/\/x.com\/OxyPharm","https:\/\/www.instagram.com\/oxy_pharm\/","https:\/\/www.linkedin.com\/company\/oxy-pharm\/","https:\/\/www.youtube.com\/channel\/UCwTjwWFZWcMdPPlvkTuiurw"]},{"@type":"Person","@id":"https:\/\/www.oxypharm.net\/#\/schema\/person\/4e54abf170588a0853a460e68ac97dc8","name":"marketing"}]}},"_links":{"self":[{"href":"https:\/\/www.oxypharm.net\/nl\/wp-json\/wp\/v2\/posts\/21562","targetHints":{"allow":["GET"]}}],"collection":[{"href":"https:\/\/www.oxypharm.net\/nl\/wp-json\/wp\/v2\/posts"}],"about":[{"href":"https:\/\/www.oxypharm.net\/nl\/wp-json\/wp\/v2\/types\/post"}],"author":[{"embeddable":true,"href":"https:\/\/www.oxypharm.net\/nl\/wp-json\/wp\/v2\/users\/3"}],"replies":[{"embeddable":true,"href":"https:\/\/www.oxypharm.net\/nl\/wp-json\/wp\/v2\/comments?post=21562"}],"version-history":[{"count":8,"href":"https:\/\/www.oxypharm.net\/nl\/wp-json\/wp\/v2\/posts\/21562\/revisions"}],"predecessor-version":[{"id":21580,"href":"https:\/\/www.oxypharm.net\/nl\/wp-json\/wp\/v2\/posts\/21562\/revisions\/21580"}],"wp:featuredmedia":[{"embeddable":true,"href":"https:\/\/www.oxypharm.net\/nl\/wp-json\/wp\/v2\/media\/21589"}],"wp:attachment":[{"href":"https:\/\/www.oxypharm.net\/nl\/wp-json\/wp\/v2\/media?parent=21562"}],"wp:term":[{"taxonomy":"category","embeddable":true,"href":"https:\/\/www.oxypharm.net\/nl\/wp-json\/wp\/v2\/categories?post=21562"},{"taxonomy":"post_tag","embeddable":true,"href":"https:\/\/www.oxypharm.net\/nl\/wp-json\/wp\/v2\/tags?post=21562"}],"curies":[{"name":"wp","href":"https:\/\/api.w.org\/{rel}","templated":true}]}}