{"id":11432,"date":"2023-01-09T16:14:14","date_gmt":"2023-01-09T16:14:14","guid":{"rendered":"https:\/\/preprod.oxypharm.net\/del-modo-de-gestion-de-crisis-al-modo-de-proyecto\/"},"modified":"2025-04-28T09:31:44","modified_gmt":"2025-04-28T09:31:44","slug":"del-modo-de-gestion-de-crisis-al-modo-de-proyecto","status":"publish","type":"post","link":"https:\/\/www.oxypharm.net\/es\/del-modo-de-gestion-de-crisis-al-modo-de-proyecto\/","title":{"rendered":"Del modo de gesti\u00f3n de crisis al modo de proyecto"},"content":{"rendered":"<div class=\"wpb-content-wrapper\"><p>[vc_row][vc_column][vc_column_text]Publicado en <em>G\u00e9roscopie<\/em>[\/vc_column_text][\/vc_column][\/vc_row][vc_row][vc_column][vc_column_text]<\/p>\n<h4>N.\u00ba\u00a05. Las citas de la higiene<\/h4>\n<p>[\/vc_column_text][\/vc_column][\/vc_row][vc_row][vc_column][vc_single_image image=&#8221;9215&#8243; img_size=&#8221;full&#8221;][vc_column_text]El sector del mantenimiento de instalaciones y de la higiene se encuentra en un momento clave, en el que puede empezar a capitalizar la experiencia de los \u00faltimos meses y volver a pasar, con precauci\u00f3n, del modo de gesti\u00f3n de crisis al modo de proyecto. Por fin se producen los reencuentros, tal como demuestran las grandes ferias, como Santexpo, cuyo lema fue \u00abResiliencia y compromiso\u00bb.[\/vc_column_text][\/vc_column][\/vc_row][vc_row][vc_column][vc_column_text]\u00ab<em>Oxy\u2019Pharm proseguir\u00e1 con Medica en D\u00fcsseldorf<\/em>\u00bb, anuncia Margot Lhopitallier, responsable de Comunicaci\u00f3n y Marketing. <em>La pandemia confirm\u00f3 la eficacia de la desinfecci\u00f3n de superficies por v\u00eda a\u00e9rea y valid\u00f3 nuestras decisiones empresariales, pero quer\u00edamos conocer las nuevas tendencias que est\u00e1n tomando forma para los pr\u00f3ximos a\u00f1os. Y, sobre todo, quer\u00edamos reencontrarnos con nuestros clientes cara a cara, porque sus aportaciones son muy valiosas para poder seguir<\/em>innovando\u00bb.<\/p>\n<p>&nbsp;<\/p>\n<p>Es tambi\u00e9n un momento clave para los poderes p\u00fablicos, que tendr\u00e1n que reorganizar sus pol\u00edticas de prevenci\u00f3n y, sin duda, tendr\u00e1n que volver a actualizar las normas. Una primera decisi\u00f3n que va por buen camino: el proyecto de ley de financiaci\u00f3n de la seguridad social para 2022 perpetuar\u00e1 un dispositivo que ha demostrado su eficacia durante la epidemia, a saber, los equipos m\u00f3viles de higiene, que ayudan a los centros para personas mayores dependientes a controlar el riesgo de infecci\u00f3n.[\/vc_column_text][\/vc_column][\/vc_row]<\/p>\n<\/div>","protected":false},"excerpt":{"rendered":"<p>El sector de la limpieza ha pasado de la crisis a centrarse en soluciones eficaces y sostenibles para adaptarse a nuevas necesidades&#8230;<\/p>\n","protected":false},"author":3,"featured_media":9221,"comment_status":"closed","ping_status":"open","sticky":false,"template":"","format":"standard","meta":{"_acf_changed":false,"footnotes":""},"categories":[71],"tags":[127,229],"class_list":["post-11432","post","type-post","status-publish","format-standard","has-post-thumbnail","hentry","category-articulos","tag-ecorresponsable","tag-oxypharm-es-2"],"acf":[],"yoast_head":"<!-- This site is optimized with the Yoast SEO plugin v26.1.1 - https:\/\/yoast.com\/wordpress\/plugins\/seo\/ -->\n<title>Del modo de gesti\u00f3n de crisis al modo de proyecto - Oxy&#039;Pharm<\/title>\n<meta name=\"robots\" content=\"index, follow, max-snippet:-1, max-image-preview:large, max-video-preview:-1\" \/>\n<link rel=\"canonical\" href=\"https:\/\/www.oxypharm.net\/es\/del-modo-de-gestion-de-crisis-al-modo-de-proyecto\/\" \/>\n<meta property=\"og:locale\" content=\"es_ES\" \/>\n<meta property=\"og:type\" content=\"article\" \/>\n<meta property=\"og:title\" content=\"Del modo de gesti\u00f3n de crisis al modo de proyecto - Oxy&#039;Pharm\" \/>\n<meta property=\"og:description\" content=\"El sector de la limpieza ha pasado de la crisis a centrarse en soluciones eficaces y sostenibles para adaptarse a nuevas necesidades...\" \/>\n<meta property=\"og:url\" content=\"https:\/\/www.oxypharm.net\/es\/del-modo-de-gestion-de-crisis-al-modo-de-proyecto\/\" \/>\n<meta property=\"og:site_name\" content=\"Oxy&#039;Pharm\" \/>\n<meta property=\"article:publisher\" content=\"https:\/\/www.facebook.com\/profile.php?id=100065087790394\" \/>\n<meta property=\"article:published_time\" content=\"2023-01-09T16:14:14+00:00\" \/>\n<meta property=\"article:modified_time\" content=\"2025-04-28T09:31:44+00:00\" \/>\n<meta property=\"og:image\" content=\"https:\/\/www.oxypharm.net\/wp-content\/uploads\/2022\/09\/stand_medica_2.jpg\" \/>\n\t<meta property=\"og:image:width\" content=\"1478\" \/>\n\t<meta property=\"og:image:height\" content=\"1108\" \/>\n\t<meta property=\"og:image:type\" content=\"image\/jpeg\" \/>\n<meta name=\"author\" content=\"marketing\" \/>\n<meta name=\"twitter:card\" content=\"summary_large_image\" \/>\n<meta name=\"twitter:creator\" content=\"@OxyPharm\" \/>\n<meta name=\"twitter:site\" content=\"@OxyPharm\" \/>\n<meta name=\"twitter:label1\" content=\"Written by\" \/>\n\t<meta name=\"twitter:data1\" content=\"marketing\" \/>\n\t<meta name=\"twitter:label2\" content=\"Est. reading time\" \/>\n\t<meta name=\"twitter:data2\" content=\"2 minutes\" \/>\n<script type=\"application\/ld+json\" class=\"yoast-schema-graph\">{\"@context\":\"https:\/\/schema.org\",\"@graph\":[{\"@type\":\"Article\",\"@id\":\"https:\/\/www.oxypharm.net\/es\/del-modo-de-gestion-de-crisis-al-modo-de-proyecto\/#article\",\"isPartOf\":{\"@id\":\"https:\/\/www.oxypharm.net\/es\/del-modo-de-gestion-de-crisis-al-modo-de-proyecto\/\"},\"author\":{\"name\":\"marketing\",\"@id\":\"https:\/\/www.oxypharm.net\/#\/schema\/person\/4e54abf170588a0853a460e68ac97dc8\"},\"headline\":\"Del modo de gesti\u00f3n de crisis al modo de proyecto\",\"datePublished\":\"2023-01-09T16:14:14+00:00\",\"dateModified\":\"2025-04-28T09:31:44+00:00\",\"mainEntityOfPage\":{\"@id\":\"https:\/\/www.oxypharm.net\/es\/del-modo-de-gestion-de-crisis-al-modo-de-proyecto\/\"},\"wordCount\":318,\"publisher\":{\"@id\":\"https:\/\/www.oxypharm.net\/#organization\"},\"image\":{\"@id\":\"https:\/\/www.oxypharm.net\/es\/del-modo-de-gestion-de-crisis-al-modo-de-proyecto\/#primaryimage\"},\"thumbnailUrl\":\"https:\/\/www.oxypharm.net\/wp-content\/uploads\/2022\/09\/stand_medica_2.jpg\",\"keywords\":[\"ecorresponsable\",\"Oxy'Pharm\"],\"articleSection\":[\"Art\u00edculos\"],\"inLanguage\":\"es-ES\"},{\"@type\":\"WebPage\",\"@id\":\"https:\/\/www.oxypharm.net\/es\/del-modo-de-gestion-de-crisis-al-modo-de-proyecto\/\",\"url\":\"https:\/\/www.oxypharm.net\/es\/del-modo-de-gestion-de-crisis-al-modo-de-proyecto\/\",\"name\":\"Del modo de gesti\u00f3n de crisis al modo de proyecto - Oxy&#039;Pharm\",\"isPartOf\":{\"@id\":\"https:\/\/www.oxypharm.net\/#website\"},\"primaryImageOfPage\":{\"@id\":\"https:\/\/www.oxypharm.net\/es\/del-modo-de-gestion-de-crisis-al-modo-de-proyecto\/#primaryimage\"},\"image\":{\"@id\":\"https:\/\/www.oxypharm.net\/es\/del-modo-de-gestion-de-crisis-al-modo-de-proyecto\/#primaryimage\"},\"thumbnailUrl\":\"https:\/\/www.oxypharm.net\/wp-content\/uploads\/2022\/09\/stand_medica_2.jpg\",\"datePublished\":\"2023-01-09T16:14:14+00:00\",\"dateModified\":\"2025-04-28T09:31:44+00:00\",\"breadcrumb\":{\"@id\":\"https:\/\/www.oxypharm.net\/es\/del-modo-de-gestion-de-crisis-al-modo-de-proyecto\/#breadcrumb\"},\"inLanguage\":\"es-ES\",\"potentialAction\":[{\"@type\":\"ReadAction\",\"target\":[\"https:\/\/www.oxypharm.net\/es\/del-modo-de-gestion-de-crisis-al-modo-de-proyecto\/\"]}]},{\"@type\":\"ImageObject\",\"inLanguage\":\"es-ES\",\"@id\":\"https:\/\/www.oxypharm.net\/es\/del-modo-de-gestion-de-crisis-al-modo-de-proyecto\/#primaryimage\",\"url\":\"https:\/\/www.oxypharm.net\/wp-content\/uploads\/2022\/09\/stand_medica_2.jpg\",\"contentUrl\":\"https:\/\/www.oxypharm.net\/wp-content\/uploads\/2022\/09\/stand_medica_2.jpg\",\"width\":1478,\"height\":1108},{\"@type\":\"BreadcrumbList\",\"@id\":\"https:\/\/www.oxypharm.net\/es\/del-modo-de-gestion-de-crisis-al-modo-de-proyecto\/#breadcrumb\",\"itemListElement\":[{\"@type\":\"ListItem\",\"position\":1,\"name\":\"Accueil\",\"item\":\"https:\/\/www.oxypharm.net\/es\/\"},{\"@type\":\"ListItem\",\"position\":2,\"name\":\"Del modo de gesti\u00f3n de crisis al modo de proyecto\"}]},{\"@type\":\"WebSite\",\"@id\":\"https:\/\/www.oxypharm.net\/#website\",\"url\":\"https:\/\/www.oxypharm.net\/\",\"name\":\"Oxy&#039;Pharm\",\"description\":\"\",\"publisher\":{\"@id\":\"https:\/\/www.oxypharm.net\/#organization\"},\"potentialAction\":[{\"@type\":\"SearchAction\",\"target\":{\"@type\":\"EntryPoint\",\"urlTemplate\":\"https:\/\/www.oxypharm.net\/?s={search_term_string}\"},\"query-input\":{\"@type\":\"PropertyValueSpecification\",\"valueRequired\":true,\"valueName\":\"search_term_string\"}}],\"inLanguage\":\"es-ES\"},{\"@type\":\"Organization\",\"@id\":\"https:\/\/www.oxypharm.net\/#organization\",\"name\":\"Oxy'pharm\",\"alternateName\":\"Oxypharm\",\"url\":\"https:\/\/www.oxypharm.net\/\",\"logo\":{\"@type\":\"ImageObject\",\"inLanguage\":\"es-ES\",\"@id\":\"https:\/\/www.oxypharm.net\/#\/schema\/logo\/image\/\",\"url\":\"https:\/\/www.oxypharm.net\/wp-content\/uploads\/2023\/06\/Logo-Medtradex-Oxypharm.jpg\",\"contentUrl\":\"https:\/\/www.oxypharm.net\/wp-content\/uploads\/2023\/06\/Logo-Medtradex-Oxypharm.jpg\",\"width\":500,\"height\":500,\"caption\":\"Oxy'pharm\"},\"image\":{\"@id\":\"https:\/\/www.oxypharm.net\/#\/schema\/logo\/image\/\"},\"sameAs\":[\"https:\/\/www.facebook.com\/profile.php?id=100065087790394\",\"https:\/\/x.com\/OxyPharm\",\"https:\/\/www.instagram.com\/oxy_pharm\/\",\"https:\/\/www.linkedin.com\/company\/oxy-pharm\/\",\"https:\/\/www.youtube.com\/channel\/UCwTjwWFZWcMdPPlvkTuiurw\"]},{\"@type\":\"Person\",\"@id\":\"https:\/\/www.oxypharm.net\/#\/schema\/person\/4e54abf170588a0853a460e68ac97dc8\",\"name\":\"marketing\"}]}<\/script>\n<!-- \/ Yoast SEO plugin. -->","yoast_head_json":{"title":"Del modo de gesti\u00f3n de crisis al modo de proyecto - Oxy&#039;Pharm","robots":{"index":"index","follow":"follow","max-snippet":"max-snippet:-1","max-image-preview":"max-image-preview:large","max-video-preview":"max-video-preview:-1"},"canonical":"https:\/\/www.oxypharm.net\/es\/del-modo-de-gestion-de-crisis-al-modo-de-proyecto\/","og_locale":"es_ES","og_type":"article","og_title":"Del modo de gesti\u00f3n de crisis al modo de proyecto - Oxy&#039;Pharm","og_description":"El sector de la limpieza ha pasado de la crisis a centrarse en soluciones eficaces y sostenibles para adaptarse a nuevas necesidades...","og_url":"https:\/\/www.oxypharm.net\/es\/del-modo-de-gestion-de-crisis-al-modo-de-proyecto\/","og_site_name":"Oxy&#039;Pharm","article_publisher":"https:\/\/www.facebook.com\/profile.php?id=100065087790394","article_published_time":"2023-01-09T16:14:14+00:00","article_modified_time":"2025-04-28T09:31:44+00:00","og_image":[{"width":1478,"height":1108,"url":"https:\/\/www.oxypharm.net\/wp-content\/uploads\/2022\/09\/stand_medica_2.jpg","type":"image\/jpeg"}],"author":"marketing","twitter_card":"summary_large_image","twitter_creator":"@OxyPharm","twitter_site":"@OxyPharm","twitter_misc":{"Written by":"marketing","Est. reading time":"2 minutes"},"schema":{"@context":"https:\/\/schema.org","@graph":[{"@type":"Article","@id":"https:\/\/www.oxypharm.net\/es\/del-modo-de-gestion-de-crisis-al-modo-de-proyecto\/#article","isPartOf":{"@id":"https:\/\/www.oxypharm.net\/es\/del-modo-de-gestion-de-crisis-al-modo-de-proyecto\/"},"author":{"name":"marketing","@id":"https:\/\/www.oxypharm.net\/#\/schema\/person\/4e54abf170588a0853a460e68ac97dc8"},"headline":"Del modo de gesti\u00f3n de crisis al modo de proyecto","datePublished":"2023-01-09T16:14:14+00:00","dateModified":"2025-04-28T09:31:44+00:00","mainEntityOfPage":{"@id":"https:\/\/www.oxypharm.net\/es\/del-modo-de-gestion-de-crisis-al-modo-de-proyecto\/"},"wordCount":318,"publisher":{"@id":"https:\/\/www.oxypharm.net\/#organization"},"image":{"@id":"https:\/\/www.oxypharm.net\/es\/del-modo-de-gestion-de-crisis-al-modo-de-proyecto\/#primaryimage"},"thumbnailUrl":"https:\/\/www.oxypharm.net\/wp-content\/uploads\/2022\/09\/stand_medica_2.jpg","keywords":["ecorresponsable","Oxy'Pharm"],"articleSection":["Art\u00edculos"],"inLanguage":"es-ES"},{"@type":"WebPage","@id":"https:\/\/www.oxypharm.net\/es\/del-modo-de-gestion-de-crisis-al-modo-de-proyecto\/","url":"https:\/\/www.oxypharm.net\/es\/del-modo-de-gestion-de-crisis-al-modo-de-proyecto\/","name":"Del modo de gesti\u00f3n de crisis al modo de proyecto - Oxy&#039;Pharm","isPartOf":{"@id":"https:\/\/www.oxypharm.net\/#website"},"primaryImageOfPage":{"@id":"https:\/\/www.oxypharm.net\/es\/del-modo-de-gestion-de-crisis-al-modo-de-proyecto\/#primaryimage"},"image":{"@id":"https:\/\/www.oxypharm.net\/es\/del-modo-de-gestion-de-crisis-al-modo-de-proyecto\/#primaryimage"},"thumbnailUrl":"https:\/\/www.oxypharm.net\/wp-content\/uploads\/2022\/09\/stand_medica_2.jpg","datePublished":"2023-01-09T16:14:14+00:00","dateModified":"2025-04-28T09:31:44+00:00","breadcrumb":{"@id":"https:\/\/www.oxypharm.net\/es\/del-modo-de-gestion-de-crisis-al-modo-de-proyecto\/#breadcrumb"},"inLanguage":"es-ES","potentialAction":[{"@type":"ReadAction","target":["https:\/\/www.oxypharm.net\/es\/del-modo-de-gestion-de-crisis-al-modo-de-proyecto\/"]}]},{"@type":"ImageObject","inLanguage":"es-ES","@id":"https:\/\/www.oxypharm.net\/es\/del-modo-de-gestion-de-crisis-al-modo-de-proyecto\/#primaryimage","url":"https:\/\/www.oxypharm.net\/wp-content\/uploads\/2022\/09\/stand_medica_2.jpg","contentUrl":"https:\/\/www.oxypharm.net\/wp-content\/uploads\/2022\/09\/stand_medica_2.jpg","width":1478,"height":1108},{"@type":"BreadcrumbList","@id":"https:\/\/www.oxypharm.net\/es\/del-modo-de-gestion-de-crisis-al-modo-de-proyecto\/#breadcrumb","itemListElement":[{"@type":"ListItem","position":1,"name":"Accueil","item":"https:\/\/www.oxypharm.net\/es\/"},{"@type":"ListItem","position":2,"name":"Del modo de gesti\u00f3n de crisis al modo de proyecto"}]},{"@type":"WebSite","@id":"https:\/\/www.oxypharm.net\/#website","url":"https:\/\/www.oxypharm.net\/","name":"Oxy&#039;Pharm","description":"","publisher":{"@id":"https:\/\/www.oxypharm.net\/#organization"},"potentialAction":[{"@type":"SearchAction","target":{"@type":"EntryPoint","urlTemplate":"https:\/\/www.oxypharm.net\/?s={search_term_string}"},"query-input":{"@type":"PropertyValueSpecification","valueRequired":true,"valueName":"search_term_string"}}],"inLanguage":"es-ES"},{"@type":"Organization","@id":"https:\/\/www.oxypharm.net\/#organization","name":"Oxy'pharm","alternateName":"Oxypharm","url":"https:\/\/www.oxypharm.net\/","logo":{"@type":"ImageObject","inLanguage":"es-ES","@id":"https:\/\/www.oxypharm.net\/#\/schema\/logo\/image\/","url":"https:\/\/www.oxypharm.net\/wp-content\/uploads\/2023\/06\/Logo-Medtradex-Oxypharm.jpg","contentUrl":"https:\/\/www.oxypharm.net\/wp-content\/uploads\/2023\/06\/Logo-Medtradex-Oxypharm.jpg","width":500,"height":500,"caption":"Oxy'pharm"},"image":{"@id":"https:\/\/www.oxypharm.net\/#\/schema\/logo\/image\/"},"sameAs":["https:\/\/www.facebook.com\/profile.php?id=100065087790394","https:\/\/x.com\/OxyPharm","https:\/\/www.instagram.com\/oxy_pharm\/","https:\/\/www.linkedin.com\/company\/oxy-pharm\/","https:\/\/www.youtube.com\/channel\/UCwTjwWFZWcMdPPlvkTuiurw"]},{"@type":"Person","@id":"https:\/\/www.oxypharm.net\/#\/schema\/person\/4e54abf170588a0853a460e68ac97dc8","name":"marketing"}]}},"_links":{"self":[{"href":"https:\/\/www.oxypharm.net\/es\/wp-json\/wp\/v2\/posts\/11432","targetHints":{"allow":["GET"]}}],"collection":[{"href":"https:\/\/www.oxypharm.net\/es\/wp-json\/wp\/v2\/posts"}],"about":[{"href":"https:\/\/www.oxypharm.net\/es\/wp-json\/wp\/v2\/types\/post"}],"author":[{"embeddable":true,"href":"https:\/\/www.oxypharm.net\/es\/wp-json\/wp\/v2\/users\/3"}],"replies":[{"embeddable":true,"href":"https:\/\/www.oxypharm.net\/es\/wp-json\/wp\/v2\/comments?post=11432"}],"version-history":[{"count":6,"href":"https:\/\/www.oxypharm.net\/es\/wp-json\/wp\/v2\/posts\/11432\/revisions"}],"predecessor-version":[{"id":20758,"href":"https:\/\/www.oxypharm.net\/es\/wp-json\/wp\/v2\/posts\/11432\/revisions\/20758"}],"wp:featuredmedia":[{"embeddable":true,"href":"https:\/\/www.oxypharm.net\/es\/wp-json\/wp\/v2\/media\/9221"}],"wp:attachment":[{"href":"https:\/\/www.oxypharm.net\/es\/wp-json\/wp\/v2\/media?parent=11432"}],"wp:term":[{"taxonomy":"category","embeddable":true,"href":"https:\/\/www.oxypharm.net\/es\/wp-json\/wp\/v2\/categories?post=11432"},{"taxonomy":"post_tag","embeddable":true,"href":"https:\/\/www.oxypharm.net\/es\/wp-json\/wp\/v2\/tags?post=11432"}],"curies":[{"name":"wp","href":"https:\/\/api.w.org\/{rel}","templated":true}]}}