{"id":22240,"date":"2025-06-02T12:14:34","date_gmt":"2025-06-02T12:14:34","guid":{"rendered":"https:\/\/www.oxypharm.net\/?p=22240"},"modified":"2026-01-14T14:18:00","modified_gmt":"2026-01-14T14:18:00","slug":"a3p-biarritz-78-9-octobre-2025","status":"publish","type":"post","link":"https:\/\/www.oxypharm.net\/en\/a3p-biarritz-78-9-octobre-2025\/","title":{"rendered":"A3P Biarritz \u2013 7,8 &#038; 9 octobre 2025"},"content":{"rendered":"<div class=\"wpb-content-wrapper\"><p>[vc_row][vc_column][vc_single_image image=&#8221;22241&#8243; img_size=&#8221;full&#8221; css=&#8221;&#8221; el_class=&#8221;full-width&#8221;][vc_column_text css=&#8221;&#8221;]<\/p>\n<h2>Notre pr\u00e9sence \u00e0 l\u2019A3P Biarritz : un rendez-vous incontournable pour l\u2019industrie pharmaceutique<\/h2>\n<p>[\/vc_column_text][vc_column_text css=&#8221;&#8221;]En tant qu\u2019acteur engag\u00e9 dans les industries de la sant\u00e9, nous avons eu le plaisir de participer une nouvelle fois \u00e0 l\u2019\u00e9v\u00e9nement <strong data-start=\"357\" data-end=\"373\">A3P Biarritz<\/strong>, un rendez-vous devenu incontournable pour tous les professionnels impliqu\u00e9s dans la production pharmaceutique et biotechnologique.[\/vc_column_text][vc_column_text css=&#8221;&#8221;]<\/p>\n<h2>Qu\u2019est-ce que l\u2019A3P Biarritz ?<\/h2>\n<p>[\/vc_column_text][vc_column_text css=&#8221;&#8221;]Organis\u00e9 par l\u2019association A3P (Association pour les Produits Propres et Parent\u00e9raux), ce congr\u00e8s annuel se tient \u00e0 Biarritz et rassemble chaque ann\u00e9e plusieurs centaines d&#8217;experts, fournisseurs, donneurs d\u2019ordre, et responsables qualit\u00e9 issus des secteurs pharmaceutique, biotechnologique et cosm\u00e9tique. L\u2019\u00e9v\u00e9nement est structur\u00e9 autour de conf\u00e9rences techniques, de retours d\u2019exp\u00e9rience terrain, et d\u2019un espace exposition o\u00f9 les entreprises pr\u00e9sentent leurs innovations.[\/vc_column_text][vc_column_text css=&#8221;&#8221;]<\/p>\n<h2>Oxy&#8217;Pharm acteur de l&#8217;\u00e9dition 2025<\/h2>\n<p>[\/vc_column_text][vc_column_text css=&#8221;&#8221;]Pr\u00e9sent \u00e0 l&#8217;espace Bellevue de Biarritz du 7 au 9 septembre 2025, retrouvez les responsables r\u00e9gionaux Oxy&#8217;Pharm.<\/p>\n<p>Oxy\u2019Pharm propose des solution de d\u00e9sinfection par la vapeur et par voie a\u00e9rienne (DSVA). Ces solutions, con\u00e7ues pour garantir un environnement s\u00e9curis\u00e9, en \u00e9liminant efficacement les agents pathog\u00e8nes et en r\u00e9duisant les risques de contamination par bio-d\u00e9sinfection des surfaces.<\/p>\n<p>L\u2019\u00e9quipe Oxy\u2019Pharm sera heureux de vous accueillir sur le stand pour vous pr\u00e9senter leurs solutions et r\u00e9pondre \u00e0 toutes vos question !<\/p>\n<ul>\n<li>Pour nous retrouver et vous inscrire : <a href=\"https:\/\/a3pinternationalcongress.eventmaker.io\/fr\/registration\/67e54dea2c9fae9f7342abc5?force_new_registration=true\">Inscription ici\u00a0<\/a><\/li>\n<li>En attendant l\u2019ouverture des portes, retrouvez nos derni\u00e8res actualit\u00e9s :\u00a0<a href=\"https:\/\/www.oxypharm.net\/nos-actualites\/\">Cliquez Ici<\/a><\/li>\n<\/ul>\n<p>[\/vc_column_text][\/vc_column][\/vc_row]<\/p>\n<\/div>","protected":false},"excerpt":{"rendered":"<p>Oxy&#8217;Pharm pr\u00e9sent \u00e0 l&#8217;A3P Biarritz du 7 au 9 septembre 2025 <\/p>\n","protected":false},"author":3,"featured_media":22248,"comment_status":"closed","ping_status":"open","sticky":false,"template":"","format":"standard","meta":{"_acf_changed":false,"footnotes":""},"categories":[3],"tags":[260,13,243,8,49],"class_list":["post-22240","post","type-post","status-publish","format-standard","has-post-thumbnail","hentry","category-evenements","tag-a3p","tag-desinfection","tag-evenement-a-la-une-2","tag-nocotech","tag-oxypharm"],"acf":[],"yoast_head":"<!-- This site is optimized with the Yoast SEO plugin v26.1.1 - https:\/\/yoast.com\/wordpress\/plugins\/seo\/ -->\n<title>A3P Biarritz \u2013 7,8 &#038; 9 octobre 2025 - Oxy&#039;Pharm<\/title>\n<meta name=\"description\" content=\"Pr\u00e9sent \u00e0 l&#039;espace Bellevue de Biarritz du 7 au 9 septembre 2025, retrouvez les responsables r\u00e9gionaux Oxy&#039;Pharm.\u00a0\u00a0\" \/>\n<meta name=\"robots\" content=\"index, follow, max-snippet:-1, max-image-preview:large, max-video-preview:-1\" \/>\n<link rel=\"canonical\" href=\"https:\/\/www.oxypharm.net\/a3p-biarritz-78-9-octobre-2025\/\" \/>\n<meta property=\"og:locale\" content=\"en_US\" \/>\n<meta property=\"og:type\" content=\"article\" \/>\n<meta property=\"og:title\" content=\"A3P Biarritz \u2013 7,8 &#038; 9 octobre 2025 - Oxy&#039;Pharm\" \/>\n<meta property=\"og:description\" content=\"Pr\u00e9sent \u00e0 l&#039;espace Bellevue de Biarritz du 7 au 9 septembre 2025, retrouvez les responsables r\u00e9gionaux Oxy&#039;Pharm.\u00a0\u00a0\" \/>\n<meta property=\"og:url\" content=\"https:\/\/www.oxypharm.net\/a3p-biarritz-78-9-octobre-2025\/\" \/>\n<meta property=\"og:site_name\" content=\"Oxy&#039;Pharm\" \/>\n<meta property=\"article:publisher\" content=\"https:\/\/www.facebook.com\/profile.php?id=100065087790394\" \/>\n<meta property=\"article:published_time\" content=\"2025-06-02T12:14:34+00:00\" \/>\n<meta property=\"article:modified_time\" content=\"2026-01-14T14:18:00+00:00\" \/>\n<meta property=\"og:image\" content=\"https:\/\/www.oxypharm.net\/wp-content\/uploads\/2025\/06\/A3P25_Previsu.png\" \/>\n\t<meta property=\"og:image:width\" content=\"660\" \/>\n\t<meta property=\"og:image:height\" content=\"364\" \/>\n\t<meta property=\"og:image:type\" content=\"image\/png\" \/>\n<meta name=\"author\" content=\"marketing\" \/>\n<meta name=\"twitter:card\" content=\"summary_large_image\" \/>\n<meta name=\"twitter:creator\" content=\"@OxyPharm\" \/>\n<meta name=\"twitter:site\" content=\"@OxyPharm\" \/>\n<meta name=\"twitter:label1\" content=\"Written by\" \/>\n\t<meta name=\"twitter:data1\" content=\"marketing\" \/>\n\t<meta name=\"twitter:label2\" content=\"Est. reading time\" \/>\n\t<meta name=\"twitter:data2\" content=\"2 minutes\" \/>\n<script type=\"application\/ld+json\" class=\"yoast-schema-graph\">{\"@context\":\"https:\/\/schema.org\",\"@graph\":[{\"@type\":\"Article\",\"@id\":\"https:\/\/www.oxypharm.net\/a3p-biarritz-78-9-octobre-2025\/#article\",\"isPartOf\":{\"@id\":\"https:\/\/www.oxypharm.net\/a3p-biarritz-78-9-octobre-2025\/\"},\"author\":{\"name\":\"marketing\",\"@id\":\"https:\/\/www.oxypharm.net\/#\/schema\/person\/4e54abf170588a0853a460e68ac97dc8\"},\"headline\":\"A3P Biarritz \u2013 7,8 &#038; 9 octobre 2025\",\"datePublished\":\"2025-06-02T12:14:34+00:00\",\"dateModified\":\"2026-01-14T14:18:00+00:00\",\"mainEntityOfPage\":{\"@id\":\"https:\/\/www.oxypharm.net\/a3p-biarritz-78-9-octobre-2025\/\"},\"wordCount\":314,\"publisher\":{\"@id\":\"https:\/\/www.oxypharm.net\/#organization\"},\"image\":{\"@id\":\"https:\/\/www.oxypharm.net\/a3p-biarritz-78-9-octobre-2025\/#primaryimage\"},\"thumbnailUrl\":\"https:\/\/www.oxypharm.net\/wp-content\/uploads\/2025\/06\/A3P25_Previsu.png\",\"keywords\":[\"A3P\",\"D\u00e9sinfection\",\"\u00e9v\u00e9nement \u00e0 la une\",\"nocotech\",\"Oxy'Pharm\"],\"articleSection\":[\"\u00c9v\u00e9nements\"],\"inLanguage\":\"en-US\"},{\"@type\":\"WebPage\",\"@id\":\"https:\/\/www.oxypharm.net\/a3p-biarritz-78-9-octobre-2025\/\",\"url\":\"https:\/\/www.oxypharm.net\/a3p-biarritz-78-9-octobre-2025\/\",\"name\":\"A3P Biarritz \u2013 7,8 &#038; 9 octobre 2025 - Oxy&#039;Pharm\",\"isPartOf\":{\"@id\":\"https:\/\/www.oxypharm.net\/#website\"},\"primaryImageOfPage\":{\"@id\":\"https:\/\/www.oxypharm.net\/a3p-biarritz-78-9-octobre-2025\/#primaryimage\"},\"image\":{\"@id\":\"https:\/\/www.oxypharm.net\/a3p-biarritz-78-9-octobre-2025\/#primaryimage\"},\"thumbnailUrl\":\"https:\/\/www.oxypharm.net\/wp-content\/uploads\/2025\/06\/A3P25_Previsu.png\",\"datePublished\":\"2025-06-02T12:14:34+00:00\",\"dateModified\":\"2026-01-14T14:18:00+00:00\",\"description\":\"Pr\u00e9sent \u00e0 l'espace Bellevue de Biarritz du 7 au 9 septembre 2025, retrouvez les responsables r\u00e9gionaux Oxy'Pharm.\u00a0\u00a0\",\"breadcrumb\":{\"@id\":\"https:\/\/www.oxypharm.net\/a3p-biarritz-78-9-octobre-2025\/#breadcrumb\"},\"inLanguage\":\"en-US\",\"potentialAction\":[{\"@type\":\"ReadAction\",\"target\":[\"https:\/\/www.oxypharm.net\/a3p-biarritz-78-9-octobre-2025\/\"]}]},{\"@type\":\"ImageObject\",\"inLanguage\":\"en-US\",\"@id\":\"https:\/\/www.oxypharm.net\/a3p-biarritz-78-9-octobre-2025\/#primaryimage\",\"url\":\"https:\/\/www.oxypharm.net\/wp-content\/uploads\/2025\/06\/A3P25_Previsu.png\",\"contentUrl\":\"https:\/\/www.oxypharm.net\/wp-content\/uploads\/2025\/06\/A3P25_Previsu.png\",\"width\":660,\"height\":364},{\"@type\":\"BreadcrumbList\",\"@id\":\"https:\/\/www.oxypharm.net\/a3p-biarritz-78-9-octobre-2025\/#breadcrumb\",\"itemListElement\":[{\"@type\":\"ListItem\",\"position\":1,\"name\":\"Accueil\",\"item\":\"https:\/\/www.oxypharm.net\/en\/\"},{\"@type\":\"ListItem\",\"position\":2,\"name\":\"A3P Biarritz \u2013 7,8 &#038; 9 octobre 2025\"}]},{\"@type\":\"WebSite\",\"@id\":\"https:\/\/www.oxypharm.net\/#website\",\"url\":\"https:\/\/www.oxypharm.net\/\",\"name\":\"Oxy&#039;Pharm\",\"description\":\"\",\"publisher\":{\"@id\":\"https:\/\/www.oxypharm.net\/#organization\"},\"potentialAction\":[{\"@type\":\"SearchAction\",\"target\":{\"@type\":\"EntryPoint\",\"urlTemplate\":\"https:\/\/www.oxypharm.net\/?s={search_term_string}\"},\"query-input\":{\"@type\":\"PropertyValueSpecification\",\"valueRequired\":true,\"valueName\":\"search_term_string\"}}],\"inLanguage\":\"en-US\"},{\"@type\":\"Organization\",\"@id\":\"https:\/\/www.oxypharm.net\/#organization\",\"name\":\"Oxy'pharm\",\"alternateName\":\"Oxypharm\",\"url\":\"https:\/\/www.oxypharm.net\/\",\"logo\":{\"@type\":\"ImageObject\",\"inLanguage\":\"en-US\",\"@id\":\"https:\/\/www.oxypharm.net\/#\/schema\/logo\/image\/\",\"url\":\"https:\/\/www.oxypharm.net\/wp-content\/uploads\/2023\/06\/Logo-Medtradex-Oxypharm.jpg\",\"contentUrl\":\"https:\/\/www.oxypharm.net\/wp-content\/uploads\/2023\/06\/Logo-Medtradex-Oxypharm.jpg\",\"width\":500,\"height\":500,\"caption\":\"Oxy'pharm\"},\"image\":{\"@id\":\"https:\/\/www.oxypharm.net\/#\/schema\/logo\/image\/\"},\"sameAs\":[\"https:\/\/www.facebook.com\/profile.php?id=100065087790394\",\"https:\/\/x.com\/OxyPharm\",\"https:\/\/www.instagram.com\/oxy_pharm\/\",\"https:\/\/www.linkedin.com\/company\/oxy-pharm\/\",\"https:\/\/www.youtube.com\/channel\/UCwTjwWFZWcMdPPlvkTuiurw\"]},{\"@type\":\"Person\",\"@id\":\"https:\/\/www.oxypharm.net\/#\/schema\/person\/4e54abf170588a0853a460e68ac97dc8\",\"name\":\"marketing\"}]}<\/script>\n<!-- \/ Yoast SEO plugin. -->","yoast_head_json":{"title":"A3P Biarritz \u2013 7,8 &#038; 9 octobre 2025 - Oxy&#039;Pharm","description":"Pr\u00e9sent \u00e0 l'espace Bellevue de Biarritz du 7 au 9 septembre 2025, retrouvez les responsables r\u00e9gionaux Oxy'Pharm.\u00a0\u00a0","robots":{"index":"index","follow":"follow","max-snippet":"max-snippet:-1","max-image-preview":"max-image-preview:large","max-video-preview":"max-video-preview:-1"},"canonical":"https:\/\/www.oxypharm.net\/a3p-biarritz-78-9-octobre-2025\/","og_locale":"en_US","og_type":"article","og_title":"A3P Biarritz \u2013 7,8 &#038; 9 octobre 2025 - Oxy&#039;Pharm","og_description":"Pr\u00e9sent \u00e0 l'espace Bellevue de Biarritz du 7 au 9 septembre 2025, retrouvez les responsables r\u00e9gionaux Oxy'Pharm.\u00a0\u00a0","og_url":"https:\/\/www.oxypharm.net\/a3p-biarritz-78-9-octobre-2025\/","og_site_name":"Oxy&#039;Pharm","article_publisher":"https:\/\/www.facebook.com\/profile.php?id=100065087790394","article_published_time":"2025-06-02T12:14:34+00:00","article_modified_time":"2026-01-14T14:18:00+00:00","og_image":[{"width":660,"height":364,"url":"https:\/\/www.oxypharm.net\/wp-content\/uploads\/2025\/06\/A3P25_Previsu.png","type":"image\/png"}],"author":"marketing","twitter_card":"summary_large_image","twitter_creator":"@OxyPharm","twitter_site":"@OxyPharm","twitter_misc":{"Written by":"marketing","Est. reading time":"2 minutes"},"schema":{"@context":"https:\/\/schema.org","@graph":[{"@type":"Article","@id":"https:\/\/www.oxypharm.net\/a3p-biarritz-78-9-octobre-2025\/#article","isPartOf":{"@id":"https:\/\/www.oxypharm.net\/a3p-biarritz-78-9-octobre-2025\/"},"author":{"name":"marketing","@id":"https:\/\/www.oxypharm.net\/#\/schema\/person\/4e54abf170588a0853a460e68ac97dc8"},"headline":"A3P Biarritz \u2013 7,8 &#038; 9 octobre 2025","datePublished":"2025-06-02T12:14:34+00:00","dateModified":"2026-01-14T14:18:00+00:00","mainEntityOfPage":{"@id":"https:\/\/www.oxypharm.net\/a3p-biarritz-78-9-octobre-2025\/"},"wordCount":314,"publisher":{"@id":"https:\/\/www.oxypharm.net\/#organization"},"image":{"@id":"https:\/\/www.oxypharm.net\/a3p-biarritz-78-9-octobre-2025\/#primaryimage"},"thumbnailUrl":"https:\/\/www.oxypharm.net\/wp-content\/uploads\/2025\/06\/A3P25_Previsu.png","keywords":["A3P","D\u00e9sinfection","\u00e9v\u00e9nement \u00e0 la une","nocotech","Oxy'Pharm"],"articleSection":["\u00c9v\u00e9nements"],"inLanguage":"en-US"},{"@type":"WebPage","@id":"https:\/\/www.oxypharm.net\/a3p-biarritz-78-9-octobre-2025\/","url":"https:\/\/www.oxypharm.net\/a3p-biarritz-78-9-octobre-2025\/","name":"A3P Biarritz \u2013 7,8 &#038; 9 octobre 2025 - Oxy&#039;Pharm","isPartOf":{"@id":"https:\/\/www.oxypharm.net\/#website"},"primaryImageOfPage":{"@id":"https:\/\/www.oxypharm.net\/a3p-biarritz-78-9-octobre-2025\/#primaryimage"},"image":{"@id":"https:\/\/www.oxypharm.net\/a3p-biarritz-78-9-octobre-2025\/#primaryimage"},"thumbnailUrl":"https:\/\/www.oxypharm.net\/wp-content\/uploads\/2025\/06\/A3P25_Previsu.png","datePublished":"2025-06-02T12:14:34+00:00","dateModified":"2026-01-14T14:18:00+00:00","description":"Pr\u00e9sent \u00e0 l'espace Bellevue de Biarritz du 7 au 9 septembre 2025, retrouvez les responsables r\u00e9gionaux Oxy'Pharm.\u00a0\u00a0","breadcrumb":{"@id":"https:\/\/www.oxypharm.net\/a3p-biarritz-78-9-octobre-2025\/#breadcrumb"},"inLanguage":"en-US","potentialAction":[{"@type":"ReadAction","target":["https:\/\/www.oxypharm.net\/a3p-biarritz-78-9-octobre-2025\/"]}]},{"@type":"ImageObject","inLanguage":"en-US","@id":"https:\/\/www.oxypharm.net\/a3p-biarritz-78-9-octobre-2025\/#primaryimage","url":"https:\/\/www.oxypharm.net\/wp-content\/uploads\/2025\/06\/A3P25_Previsu.png","contentUrl":"https:\/\/www.oxypharm.net\/wp-content\/uploads\/2025\/06\/A3P25_Previsu.png","width":660,"height":364},{"@type":"BreadcrumbList","@id":"https:\/\/www.oxypharm.net\/a3p-biarritz-78-9-octobre-2025\/#breadcrumb","itemListElement":[{"@type":"ListItem","position":1,"name":"Accueil","item":"https:\/\/www.oxypharm.net\/en\/"},{"@type":"ListItem","position":2,"name":"A3P Biarritz \u2013 7,8 &#038; 9 octobre 2025"}]},{"@type":"WebSite","@id":"https:\/\/www.oxypharm.net\/#website","url":"https:\/\/www.oxypharm.net\/","name":"Oxy&#039;Pharm","description":"","publisher":{"@id":"https:\/\/www.oxypharm.net\/#organization"},"potentialAction":[{"@type":"SearchAction","target":{"@type":"EntryPoint","urlTemplate":"https:\/\/www.oxypharm.net\/?s={search_term_string}"},"query-input":{"@type":"PropertyValueSpecification","valueRequired":true,"valueName":"search_term_string"}}],"inLanguage":"en-US"},{"@type":"Organization","@id":"https:\/\/www.oxypharm.net\/#organization","name":"Oxy'pharm","alternateName":"Oxypharm","url":"https:\/\/www.oxypharm.net\/","logo":{"@type":"ImageObject","inLanguage":"en-US","@id":"https:\/\/www.oxypharm.net\/#\/schema\/logo\/image\/","url":"https:\/\/www.oxypharm.net\/wp-content\/uploads\/2023\/06\/Logo-Medtradex-Oxypharm.jpg","contentUrl":"https:\/\/www.oxypharm.net\/wp-content\/uploads\/2023\/06\/Logo-Medtradex-Oxypharm.jpg","width":500,"height":500,"caption":"Oxy'pharm"},"image":{"@id":"https:\/\/www.oxypharm.net\/#\/schema\/logo\/image\/"},"sameAs":["https:\/\/www.facebook.com\/profile.php?id=100065087790394","https:\/\/x.com\/OxyPharm","https:\/\/www.instagram.com\/oxy_pharm\/","https:\/\/www.linkedin.com\/company\/oxy-pharm\/","https:\/\/www.youtube.com\/channel\/UCwTjwWFZWcMdPPlvkTuiurw"]},{"@type":"Person","@id":"https:\/\/www.oxypharm.net\/#\/schema\/person\/4e54abf170588a0853a460e68ac97dc8","name":"marketing"}]}},"_links":{"self":[{"href":"https:\/\/www.oxypharm.net\/en\/wp-json\/wp\/v2\/posts\/22240","targetHints":{"allow":["GET"]}}],"collection":[{"href":"https:\/\/www.oxypharm.net\/en\/wp-json\/wp\/v2\/posts"}],"about":[{"href":"https:\/\/www.oxypharm.net\/en\/wp-json\/wp\/v2\/types\/post"}],"author":[{"embeddable":true,"href":"https:\/\/www.oxypharm.net\/en\/wp-json\/wp\/v2\/users\/3"}],"replies":[{"embeddable":true,"href":"https:\/\/www.oxypharm.net\/en\/wp-json\/wp\/v2\/comments?post=22240"}],"version-history":[{"count":2,"href":"https:\/\/www.oxypharm.net\/en\/wp-json\/wp\/v2\/posts\/22240\/revisions"}],"predecessor-version":[{"id":22256,"href":"https:\/\/www.oxypharm.net\/en\/wp-json\/wp\/v2\/posts\/22240\/revisions\/22256"}],"wp:featuredmedia":[{"embeddable":true,"href":"https:\/\/www.oxypharm.net\/en\/wp-json\/wp\/v2\/media\/22248"}],"wp:attachment":[{"href":"https:\/\/www.oxypharm.net\/en\/wp-json\/wp\/v2\/media?parent=22240"}],"wp:term":[{"taxonomy":"category","embeddable":true,"href":"https:\/\/www.oxypharm.net\/en\/wp-json\/wp\/v2\/categories?post=22240"},{"taxonomy":"post_tag","embeddable":true,"href":"https:\/\/www.oxypharm.net\/en\/wp-json\/wp\/v2\/tags?post=22240"}],"curies":[{"name":"wp","href":"https:\/\/api.w.org\/{rel}","templated":true}]}}