{"id":21610,"date":"2025-04-13T10:47:52","date_gmt":"2025-04-13T10:47:52","guid":{"rendered":"https:\/\/www.oxypharm.net\/?p=21610"},"modified":"2025-06-02T08:56:37","modified_gmt":"2025-06-02T08:56:37","slug":"iffa-francfort-3-au-8-mai-2025","status":"publish","type":"post","link":"https:\/\/www.oxypharm.net\/de\/iffa-francfort-3-au-8-mai-2025\/","title":{"rendered":"IFFA Francfort \u2013 3 au 8 Mai 2025"},"content":{"rendered":"<div class=\"wpb-content-wrapper\"><p>[vc_row][vc_column][vc_single_image image=&#8221;21620&#8243; img_size=&#8221;full&#8221; css=&#8221;&#8221; el_class=&#8221;full-width&#8221;][vc_column_text css=&#8221;&#8221;]<\/p>\n<h3>IFFA 2025 : Le Salon International de l&#8217;Industrie de la Viande<\/h3>\n<p>[\/vc_column_text][vc_column_text css=&#8221;&#8221;]<\/p>\n<p dir=\"auto\">L\u2019IFFA \u2013 Salon international de l\u2019industrie de la viande \u2013 est le principal salon mondial d\u00e9di\u00e9 \u00e0 la transformation, \u00e0 l\u2019emballage et \u00e0 la commercialisation de la viande et des prot\u00e9ines alternatives. Organis\u00e9 tous les trois ans \u00e0 Messe Frankfurt, il est devenu l\u2019\u00e9v\u00e9nement de r\u00e9f\u00e9rence dans ce secteur. R\u00e9serv\u00e9 aux professionnels, il est organis\u00e9 par Messe Frankfurt GmbH, l\u2019un des plus grands groupes mondiaux d\u2019organisation de salons.<\/p>\n<p>[\/vc_column_text][vc_column_text css=&#8221;&#8221;]<\/p>\n<p dir=\"auto\">Le salon explore des th\u00e8mes cl\u00e9s comme la performance technologique, l&#8217;hygi\u00e8ne, la cr\u00e9ation de valeur par les donn\u00e9es, la durabilit\u00e9 et l\u2019innovation produit. Les visiteurs d\u00e9couvrent comment les nouvelles technologies \u2013 intelligence artificielle, robotique, capteurs \u2013 automatisent et optimisent les processus de production. Parall\u00e8lement, des solutions innovantes en emballages durables, syst\u00e8mes \u00e9nerg\u00e9tiques efficaces et prot\u00e9ines alternatives sont pr\u00e9sent\u00e9es. Ces avanc\u00e9es r\u00e9pondent aux tendances alimentaires actuelles et ouvrent de nouveaux march\u00e9s.<\/p>\n<p>[\/vc_column_text][vc_column_text css=&#8221;&#8221;]<\/p>\n<p dir=\"auto\">Cette ann\u00e9e, le salon se tiendra du 3 au 8 mai 2025.<\/p>\n<p>[\/vc_column_text][vc_column_text css=&#8221;&#8221;]<\/p>\n<p dir=\"auto\">Pour l\u2019\u00e9dition 2025,<strong> Oxy\u2019Pharm sera pr\u00e9sent au stand Hall 9.1 Stand A50.<\/strong> Notre \u00e9quipe sera ravi de vous rencontrer afin de vous renseigner sur les solutions adapt\u00e9es \u00e0 la d\u00e9sinfection des surfaces dans l&#8217;agro-alimentaire;<\/p>\n<p dir=\"auto\">R\u00e9pondant aux probl\u00e9matiques issus notamment de la production, de la transformation et de la conservation, nos concepts vous assure la s\u00e9curit\u00e9 alimentaire au travers d&#8217;une bio-d\u00e9sinfection.<\/p>\n<ul>\n<li dir=\"auto\">Pour r\u00e9server votre badge : <a href=\"https:\/\/visitortickets.messefrankfurt.com\/ticket\/en\/shop_select.html?_appevent=mf_zett_20250400000\">Cliquez Ici<\/a><\/li>\n<li dir=\"auto\">Pour d\u00e9couvrir les informations pratiques du salon : <a href=\"https:\/\/iffa.messefrankfurt.com\/frankfurt\/en.html\">Cliquez ici<\/a><\/li>\n<li dir=\"auto\">Pour d\u00e9couvrir comment vous rendre au Messe francfort : <a href=\"https:\/\/iffa.messefrankfurt.com\/frankfurt\/en\/planning-preparation\/arrival-stay.html\">Cliquez ici<\/a><\/li>\n<\/ul>\n<p dir=\"auto\">En attendant l\u2019ouverture des portes, retrouvez nos derni\u00e8res actualit\u00e9s : <a href=\"https:\/\/www.oxypharm.net\/nos-actualites\/\">Cliquez ici<\/a><\/p>\n<p>[\/vc_column_text][\/vc_column][\/vc_row]<\/p>\n<\/div>","protected":false},"excerpt":{"rendered":"<p>Rejoignez Oxy\u2019Pharm \u00e0 l&#8217;IFFA 2025 et d\u00e9couvrez nos solutions innovantes de d\u00e9sinfection au stand Hall 9.1 Stand A50<\/p>\n","protected":false},"author":3,"featured_media":21620,"comment_status":"closed","ping_status":"open","sticky":false,"template":"","format":"standard","meta":{"_acf_changed":false,"footnotes":""},"categories":[3],"tags":[193,13,248,247,8],"class_list":["post-21610","post","type-post","status-publish","format-standard","has-post-thumbnail","hentry","category-evenements","tag-agroalimentaire","tag-desinfection","tag-francfort","tag-iffa","tag-nocotech"],"acf":[],"yoast_head":"<!-- This site is optimized with the Yoast SEO plugin v26.1.1 - https:\/\/yoast.com\/wordpress\/plugins\/seo\/ -->\n<title>IFFA Francfort \u2013 3 au 8 Mai 2025 - Oxy&#039;Pharm<\/title>\n<meta name=\"description\" content=\"Rejoignez Oxy\u2019Pharm \u00e0 l&#039;IFFA 2025 et d\u00e9couvrez nos solutions innovantes de d\u00e9sinfection au stand Hall 9.1 Stand A50\" \/>\n<meta name=\"robots\" content=\"index, follow, max-snippet:-1, max-image-preview:large, max-video-preview:-1\" \/>\n<link rel=\"canonical\" href=\"https:\/\/www.oxypharm.net\/iffa-francfort-3-au-8-mai-2025\/\" \/>\n<meta property=\"og:locale\" content=\"de_DE\" \/>\n<meta property=\"og:type\" content=\"article\" \/>\n<meta property=\"og:title\" content=\"IFFA Francfort \u2013 3 au 8 Mai 2025 - Oxy&#039;Pharm\" \/>\n<meta property=\"og:description\" content=\"Rejoignez Oxy\u2019Pharm \u00e0 l&#039;IFFA 2025 et d\u00e9couvrez nos solutions innovantes de d\u00e9sinfection au stand Hall 9.1 Stand A50\" \/>\n<meta property=\"og:url\" content=\"https:\/\/www.oxypharm.net\/iffa-francfort-3-au-8-mai-2025\/\" \/>\n<meta property=\"og:site_name\" content=\"Oxy&#039;Pharm\" \/>\n<meta property=\"article:publisher\" content=\"https:\/\/www.facebook.com\/profile.php?id=100065087790394\" \/>\n<meta property=\"article:published_time\" content=\"2025-04-13T10:47:52+00:00\" \/>\n<meta property=\"article:modified_time\" content=\"2025-06-02T08:56:37+00:00\" \/>\n<meta property=\"og:image\" content=\"https:\/\/www.oxypharm.net\/wp-content\/uploads\/2025\/04\/IFFA-2025-1.png\" \/>\n\t<meta property=\"og:image:width\" content=\"1920\" \/>\n\t<meta property=\"og:image:height\" content=\"1080\" \/>\n\t<meta property=\"og:image:type\" content=\"image\/png\" \/>\n<meta name=\"author\" content=\"marketing\" \/>\n<meta name=\"twitter:card\" content=\"summary_large_image\" \/>\n<meta name=\"twitter:creator\" content=\"@OxyPharm\" \/>\n<meta name=\"twitter:site\" content=\"@OxyPharm\" \/>\n<meta name=\"twitter:label1\" content=\"Written by\" \/>\n\t<meta name=\"twitter:data1\" content=\"marketing\" \/>\n\t<meta name=\"twitter:label2\" content=\"Est. reading time\" \/>\n\t<meta name=\"twitter:data2\" content=\"2 minutes\" \/>\n<script type=\"application\/ld+json\" class=\"yoast-schema-graph\">{\"@context\":\"https:\/\/schema.org\",\"@graph\":[{\"@type\":\"Article\",\"@id\":\"https:\/\/www.oxypharm.net\/iffa-francfort-3-au-8-mai-2025\/#article\",\"isPartOf\":{\"@id\":\"https:\/\/www.oxypharm.net\/iffa-francfort-3-au-8-mai-2025\/\"},\"author\":{\"name\":\"marketing\",\"@id\":\"https:\/\/www.oxypharm.net\/#\/schema\/person\/4e54abf170588a0853a460e68ac97dc8\"},\"headline\":\"IFFA Francfort \u2013 3 au 8 Mai 2025\",\"datePublished\":\"2025-04-13T10:47:52+00:00\",\"dateModified\":\"2025-06-02T08:56:37+00:00\",\"mainEntityOfPage\":{\"@id\":\"https:\/\/www.oxypharm.net\/iffa-francfort-3-au-8-mai-2025\/\"},\"wordCount\":343,\"publisher\":{\"@id\":\"https:\/\/www.oxypharm.net\/#organization\"},\"image\":{\"@id\":\"https:\/\/www.oxypharm.net\/iffa-francfort-3-au-8-mai-2025\/#primaryimage\"},\"thumbnailUrl\":\"https:\/\/www.oxypharm.net\/wp-content\/uploads\/2025\/04\/IFFA-2025-1.png\",\"keywords\":[\"agroalimentaire\",\"D\u00e9sinfection\",\"Francfort\",\"IFFA\",\"nocotech\"],\"articleSection\":[\"\u00c9v\u00e9nements\"],\"inLanguage\":\"de-DE\"},{\"@type\":\"WebPage\",\"@id\":\"https:\/\/www.oxypharm.net\/iffa-francfort-3-au-8-mai-2025\/\",\"url\":\"https:\/\/www.oxypharm.net\/iffa-francfort-3-au-8-mai-2025\/\",\"name\":\"IFFA Francfort \u2013 3 au 8 Mai 2025 - Oxy&#039;Pharm\",\"isPartOf\":{\"@id\":\"https:\/\/www.oxypharm.net\/#website\"},\"primaryImageOfPage\":{\"@id\":\"https:\/\/www.oxypharm.net\/iffa-francfort-3-au-8-mai-2025\/#primaryimage\"},\"image\":{\"@id\":\"https:\/\/www.oxypharm.net\/iffa-francfort-3-au-8-mai-2025\/#primaryimage\"},\"thumbnailUrl\":\"https:\/\/www.oxypharm.net\/wp-content\/uploads\/2025\/04\/IFFA-2025-1.png\",\"datePublished\":\"2025-04-13T10:47:52+00:00\",\"dateModified\":\"2025-06-02T08:56:37+00:00\",\"description\":\"Rejoignez Oxy\u2019Pharm \u00e0 l'IFFA 2025 et d\u00e9couvrez nos solutions innovantes de d\u00e9sinfection au stand Hall 9.1 Stand A50\",\"breadcrumb\":{\"@id\":\"https:\/\/www.oxypharm.net\/iffa-francfort-3-au-8-mai-2025\/#breadcrumb\"},\"inLanguage\":\"de-DE\",\"potentialAction\":[{\"@type\":\"ReadAction\",\"target\":[\"https:\/\/www.oxypharm.net\/iffa-francfort-3-au-8-mai-2025\/\"]}]},{\"@type\":\"ImageObject\",\"inLanguage\":\"de-DE\",\"@id\":\"https:\/\/www.oxypharm.net\/iffa-francfort-3-au-8-mai-2025\/#primaryimage\",\"url\":\"https:\/\/www.oxypharm.net\/wp-content\/uploads\/2025\/04\/IFFA-2025-1.png\",\"contentUrl\":\"https:\/\/www.oxypharm.net\/wp-content\/uploads\/2025\/04\/IFFA-2025-1.png\",\"width\":1920,\"height\":1080},{\"@type\":\"BreadcrumbList\",\"@id\":\"https:\/\/www.oxypharm.net\/iffa-francfort-3-au-8-mai-2025\/#breadcrumb\",\"itemListElement\":[{\"@type\":\"ListItem\",\"position\":1,\"name\":\"Accueil\",\"item\":\"https:\/\/www.oxypharm.net\/de\/\"},{\"@type\":\"ListItem\",\"position\":2,\"name\":\"IFFA Francfort \u2013 3 au 8 Mai 2025\"}]},{\"@type\":\"WebSite\",\"@id\":\"https:\/\/www.oxypharm.net\/#website\",\"url\":\"https:\/\/www.oxypharm.net\/\",\"name\":\"Oxy&#039;Pharm\",\"description\":\"\",\"publisher\":{\"@id\":\"https:\/\/www.oxypharm.net\/#organization\"},\"potentialAction\":[{\"@type\":\"SearchAction\",\"target\":{\"@type\":\"EntryPoint\",\"urlTemplate\":\"https:\/\/www.oxypharm.net\/?s={search_term_string}\"},\"query-input\":{\"@type\":\"PropertyValueSpecification\",\"valueRequired\":true,\"valueName\":\"search_term_string\"}}],\"inLanguage\":\"de-DE\"},{\"@type\":\"Organization\",\"@id\":\"https:\/\/www.oxypharm.net\/#organization\",\"name\":\"Oxy'pharm\",\"alternateName\":\"Oxypharm\",\"url\":\"https:\/\/www.oxypharm.net\/\",\"logo\":{\"@type\":\"ImageObject\",\"inLanguage\":\"de-DE\",\"@id\":\"https:\/\/www.oxypharm.net\/#\/schema\/logo\/image\/\",\"url\":\"https:\/\/www.oxypharm.net\/wp-content\/uploads\/2023\/06\/Logo-Medtradex-Oxypharm.jpg\",\"contentUrl\":\"https:\/\/www.oxypharm.net\/wp-content\/uploads\/2023\/06\/Logo-Medtradex-Oxypharm.jpg\",\"width\":500,\"height\":500,\"caption\":\"Oxy'pharm\"},\"image\":{\"@id\":\"https:\/\/www.oxypharm.net\/#\/schema\/logo\/image\/\"},\"sameAs\":[\"https:\/\/www.facebook.com\/profile.php?id=100065087790394\",\"https:\/\/x.com\/OxyPharm\",\"https:\/\/www.instagram.com\/oxy_pharm\/\",\"https:\/\/www.linkedin.com\/company\/oxy-pharm\/\",\"https:\/\/www.youtube.com\/channel\/UCwTjwWFZWcMdPPlvkTuiurw\"]},{\"@type\":\"Person\",\"@id\":\"https:\/\/www.oxypharm.net\/#\/schema\/person\/4e54abf170588a0853a460e68ac97dc8\",\"name\":\"marketing\"}]}<\/script>\n<!-- \/ Yoast SEO plugin. -->","yoast_head_json":{"title":"IFFA Francfort \u2013 3 au 8 Mai 2025 - Oxy&#039;Pharm","description":"Rejoignez Oxy\u2019Pharm \u00e0 l'IFFA 2025 et d\u00e9couvrez nos solutions innovantes de d\u00e9sinfection au stand Hall 9.1 Stand A50","robots":{"index":"index","follow":"follow","max-snippet":"max-snippet:-1","max-image-preview":"max-image-preview:large","max-video-preview":"max-video-preview:-1"},"canonical":"https:\/\/www.oxypharm.net\/iffa-francfort-3-au-8-mai-2025\/","og_locale":"de_DE","og_type":"article","og_title":"IFFA Francfort \u2013 3 au 8 Mai 2025 - Oxy&#039;Pharm","og_description":"Rejoignez Oxy\u2019Pharm \u00e0 l'IFFA 2025 et d\u00e9couvrez nos solutions innovantes de d\u00e9sinfection au stand Hall 9.1 Stand A50","og_url":"https:\/\/www.oxypharm.net\/iffa-francfort-3-au-8-mai-2025\/","og_site_name":"Oxy&#039;Pharm","article_publisher":"https:\/\/www.facebook.com\/profile.php?id=100065087790394","article_published_time":"2025-04-13T10:47:52+00:00","article_modified_time":"2025-06-02T08:56:37+00:00","og_image":[{"width":1920,"height":1080,"url":"https:\/\/www.oxypharm.net\/wp-content\/uploads\/2025\/04\/IFFA-2025-1.png","type":"image\/png"}],"author":"marketing","twitter_card":"summary_large_image","twitter_creator":"@OxyPharm","twitter_site":"@OxyPharm","twitter_misc":{"Written by":"marketing","Est. reading time":"2 minutes"},"schema":{"@context":"https:\/\/schema.org","@graph":[{"@type":"Article","@id":"https:\/\/www.oxypharm.net\/iffa-francfort-3-au-8-mai-2025\/#article","isPartOf":{"@id":"https:\/\/www.oxypharm.net\/iffa-francfort-3-au-8-mai-2025\/"},"author":{"name":"marketing","@id":"https:\/\/www.oxypharm.net\/#\/schema\/person\/4e54abf170588a0853a460e68ac97dc8"},"headline":"IFFA Francfort \u2013 3 au 8 Mai 2025","datePublished":"2025-04-13T10:47:52+00:00","dateModified":"2025-06-02T08:56:37+00:00","mainEntityOfPage":{"@id":"https:\/\/www.oxypharm.net\/iffa-francfort-3-au-8-mai-2025\/"},"wordCount":343,"publisher":{"@id":"https:\/\/www.oxypharm.net\/#organization"},"image":{"@id":"https:\/\/www.oxypharm.net\/iffa-francfort-3-au-8-mai-2025\/#primaryimage"},"thumbnailUrl":"https:\/\/www.oxypharm.net\/wp-content\/uploads\/2025\/04\/IFFA-2025-1.png","keywords":["agroalimentaire","D\u00e9sinfection","Francfort","IFFA","nocotech"],"articleSection":["\u00c9v\u00e9nements"],"inLanguage":"de-DE"},{"@type":"WebPage","@id":"https:\/\/www.oxypharm.net\/iffa-francfort-3-au-8-mai-2025\/","url":"https:\/\/www.oxypharm.net\/iffa-francfort-3-au-8-mai-2025\/","name":"IFFA Francfort \u2013 3 au 8 Mai 2025 - Oxy&#039;Pharm","isPartOf":{"@id":"https:\/\/www.oxypharm.net\/#website"},"primaryImageOfPage":{"@id":"https:\/\/www.oxypharm.net\/iffa-francfort-3-au-8-mai-2025\/#primaryimage"},"image":{"@id":"https:\/\/www.oxypharm.net\/iffa-francfort-3-au-8-mai-2025\/#primaryimage"},"thumbnailUrl":"https:\/\/www.oxypharm.net\/wp-content\/uploads\/2025\/04\/IFFA-2025-1.png","datePublished":"2025-04-13T10:47:52+00:00","dateModified":"2025-06-02T08:56:37+00:00","description":"Rejoignez Oxy\u2019Pharm \u00e0 l'IFFA 2025 et d\u00e9couvrez nos solutions innovantes de d\u00e9sinfection au stand Hall 9.1 Stand A50","breadcrumb":{"@id":"https:\/\/www.oxypharm.net\/iffa-francfort-3-au-8-mai-2025\/#breadcrumb"},"inLanguage":"de-DE","potentialAction":[{"@type":"ReadAction","target":["https:\/\/www.oxypharm.net\/iffa-francfort-3-au-8-mai-2025\/"]}]},{"@type":"ImageObject","inLanguage":"de-DE","@id":"https:\/\/www.oxypharm.net\/iffa-francfort-3-au-8-mai-2025\/#primaryimage","url":"https:\/\/www.oxypharm.net\/wp-content\/uploads\/2025\/04\/IFFA-2025-1.png","contentUrl":"https:\/\/www.oxypharm.net\/wp-content\/uploads\/2025\/04\/IFFA-2025-1.png","width":1920,"height":1080},{"@type":"BreadcrumbList","@id":"https:\/\/www.oxypharm.net\/iffa-francfort-3-au-8-mai-2025\/#breadcrumb","itemListElement":[{"@type":"ListItem","position":1,"name":"Accueil","item":"https:\/\/www.oxypharm.net\/de\/"},{"@type":"ListItem","position":2,"name":"IFFA Francfort \u2013 3 au 8 Mai 2025"}]},{"@type":"WebSite","@id":"https:\/\/www.oxypharm.net\/#website","url":"https:\/\/www.oxypharm.net\/","name":"Oxy&#039;Pharm","description":"","publisher":{"@id":"https:\/\/www.oxypharm.net\/#organization"},"potentialAction":[{"@type":"SearchAction","target":{"@type":"EntryPoint","urlTemplate":"https:\/\/www.oxypharm.net\/?s={search_term_string}"},"query-input":{"@type":"PropertyValueSpecification","valueRequired":true,"valueName":"search_term_string"}}],"inLanguage":"de-DE"},{"@type":"Organization","@id":"https:\/\/www.oxypharm.net\/#organization","name":"Oxy'pharm","alternateName":"Oxypharm","url":"https:\/\/www.oxypharm.net\/","logo":{"@type":"ImageObject","inLanguage":"de-DE","@id":"https:\/\/www.oxypharm.net\/#\/schema\/logo\/image\/","url":"https:\/\/www.oxypharm.net\/wp-content\/uploads\/2023\/06\/Logo-Medtradex-Oxypharm.jpg","contentUrl":"https:\/\/www.oxypharm.net\/wp-content\/uploads\/2023\/06\/Logo-Medtradex-Oxypharm.jpg","width":500,"height":500,"caption":"Oxy'pharm"},"image":{"@id":"https:\/\/www.oxypharm.net\/#\/schema\/logo\/image\/"},"sameAs":["https:\/\/www.facebook.com\/profile.php?id=100065087790394","https:\/\/x.com\/OxyPharm","https:\/\/www.instagram.com\/oxy_pharm\/","https:\/\/www.linkedin.com\/company\/oxy-pharm\/","https:\/\/www.youtube.com\/channel\/UCwTjwWFZWcMdPPlvkTuiurw"]},{"@type":"Person","@id":"https:\/\/www.oxypharm.net\/#\/schema\/person\/4e54abf170588a0853a460e68ac97dc8","name":"marketing"}]}},"_links":{"self":[{"href":"https:\/\/www.oxypharm.net\/de\/wp-json\/wp\/v2\/posts\/21610","targetHints":{"allow":["GET"]}}],"collection":[{"href":"https:\/\/www.oxypharm.net\/de\/wp-json\/wp\/v2\/posts"}],"about":[{"href":"https:\/\/www.oxypharm.net\/de\/wp-json\/wp\/v2\/types\/post"}],"author":[{"embeddable":true,"href":"https:\/\/www.oxypharm.net\/de\/wp-json\/wp\/v2\/users\/3"}],"replies":[{"embeddable":true,"href":"https:\/\/www.oxypharm.net\/de\/wp-json\/wp\/v2\/comments?post=21610"}],"version-history":[{"count":8,"href":"https:\/\/www.oxypharm.net\/de\/wp-json\/wp\/v2\/posts\/21610\/revisions"}],"predecessor-version":[{"id":21628,"href":"https:\/\/www.oxypharm.net\/de\/wp-json\/wp\/v2\/posts\/21610\/revisions\/21628"}],"wp:featuredmedia":[{"embeddable":true,"href":"https:\/\/www.oxypharm.net\/de\/wp-json\/wp\/v2\/media\/21620"}],"wp:attachment":[{"href":"https:\/\/www.oxypharm.net\/de\/wp-json\/wp\/v2\/media?parent=21610"}],"wp:term":[{"taxonomy":"category","embeddable":true,"href":"https:\/\/www.oxypharm.net\/de\/wp-json\/wp\/v2\/categories?post=21610"},{"taxonomy":"post_tag","embeddable":true,"href":"https:\/\/www.oxypharm.net\/de\/wp-json\/wp\/v2\/tags?post=21610"}],"curies":[{"name":"wp","href":"https:\/\/api.w.org\/{rel}","templated":true}]}}